{"id":59351,"date":"2025-10-19T18:16:09","date_gmt":"2025-10-19T18:16:09","guid":{"rendered":"https:\/\/www.europesays.com\/se\/59351\/"},"modified":"2025-10-19T18:16:09","modified_gmt":"2025-10-19T18:16:09","slug":"kritikerpanelen-om-sentimental-value-skarsgard-ar-bra-men-det-ar-framforallt-ett-starkt-systerdrama-kultur","status":"publish","type":"post","link":"https:\/\/www.europesays.com\/se\/59351\/","title":{"rendered":"Kritikerpanelen om Sentimental Value: \u201dSkarsg\u00e5rd \u00e4r bra, men det \u00e4r framf\u00f6rallt ett starkt systerdrama\u201d | Kultur"},"content":{"rendered":"<p class=\"aw-1gybjub aw-5vja16 ghpEtB kjanFo yle__article__paragraph\">Joachim Triers nya film har blivit prisad i Cannes, tippas f\u00e5 Oscars\u00adnomineringar och gillas av kritikerna.<\/p>\n<p><img decoding=\"async\" alt=\"tv\u00e5 glada personer p\u00e5 en strand \" src=\"https:\/\/www.europesays.com\/se\/wp-content\/uploads\/2025\/10\/39-153796768ee1c27d7ae3.jpeg\" class=\"aw-1l9m598 hKVVvP\"\/><\/p>\n<p>\u00d6ppna bildvisare<\/p>\n<p>Kritikerpanelen tycker till om familjedramat Sentimental Value.Lyssna (du h\u00f6r en artificiell r\u00f6st) 1:57<\/p>\n<p class=\"aw-1gybjub aw-1p7kakr ghpEtB jtovHP yle__article__paragraph\">Filmen Sentimental Value av <strong class=\"aw-ak79eh KyCXm yle__article__strong\">Joachim Trier<\/strong> \u00e4r ett familjedrama med en pappa och hans tv\u00e5 vuxna d\u00f6ttrar i centrum.<\/p>\n<p class=\"aw-1gybjub aw-1p7kakr ghpEtB jtovHP yle__article__paragraph\">Pappan (<strong class=\"aw-ak79eh KyCXm yle__article__strong\">Stellan Skarsg\u00e5rd<\/strong>) \u00e4r en uppburen filmregiss\u00f6r. Han har inte varit en aktiv del av d\u00f6ttrarnas liv p\u00e5 m\u00e5nga \u00e5r.<\/p>\n<p class=\"aw-1gybjub aw-1p7kakr ghpEtB jtovHP yle__article__paragraph\">Nu har han skrivit ett filmmanus med en huvudroll som han vill att hans sk\u00e5despelardotter (<strong class=\"aw-ak79eh KyCXm yle__article__strong\">Renate Reinsve<\/strong>) ska spela. Hon vill inte medverka i pappans projekt.<\/p>\n<blockquote class=\"aw-5b7r8f cbYKVf\">\n<p class=\"aw-1gybjub aw-c9wyj2 ghpEtB gvGRkS\">Konst \u00e4r ofta b\u00e5de en k\u00e4rlekshandling och en narcissistisk handling<\/p>\n<p class=\"aw-1gybjub aw-1pgj57y ghpEtB kqsCaW\">Sara Ehnholm Hielm<\/p>\n<\/blockquote>\n<p class=\"aw-1gybjub aw-1p7kakr ghpEtB jtovHP yle__article__paragraph\">Filmkritikerna <strong class=\"aw-ak79eh KyCXm yle__article__strong\">Sara Ehnholm Hielm<\/strong> och <strong class=\"aw-ak79eh KyCXm yle__article__strong\">Silja Sahlgren-Fodstad<\/strong> tycker att filmen lever upp till f\u00f6rv\u00e4ntningarna. Det \u00e4r en film som handlar en hel del om konst och om att skapa.<\/p>\n<p class=\"aw-1gybjub aw-1p7kakr ghpEtB jtovHP yle__article__paragraph\">\u2013 H\u00e4r finns en spegling av ett bergmanskt tonfall som jag \u00e4r svag f\u00f6r, s\u00e4ger Silja Sahlgren-Fodstad.<\/p>\n<p class=\"aw-1gybjub aw-1p7kakr ghpEtB jtovHP yle__article__paragraph\">Joachim Trier har sj\u00e4lv sagt att Ingmar Bergman har varit en stor inspiration n\u00e4r han gjort den h\u00e4r filmen.<\/p>\n<p class=\"aw-1gybjub aw-1p7kakr ghpEtB jtovHP yle__article__paragraph\">Sara Ehnholm Hielm s\u00e4ger att filmen handlar mycket om att anv\u00e4nda sitt eget liv f\u00f6r att g\u00f6ra konst. Men ocks\u00e5 att anv\u00e4nda konst som ett s\u00e4tt att undvika att tala med m\u00e4nniskorna omkring en och komma n\u00e4ra dem p\u00e5 riktigt.<\/p>\n<p class=\"aw-1gybjub aw-1p7kakr ghpEtB jtovHP yle__article__paragraph\">Men \u00e4r manuset som regiss\u00f6rspappan skrivit en k\u00e4rlekshandling eller en narcissistisk handling? Kanske b\u00e5de och.<\/p>\n<p class=\"aw-1gybjub aw-1p7kakr ghpEtB jtovHP yle__article__paragraph\">\u2013 Konst \u00e4r ofta b\u00e5de en k\u00e4rlekshandling och en narcissistisk handling, s\u00e4ger Sara Ehnholm Hielm och till\u00e4gger:<\/p>\n<p class=\"aw-1gybjub aw-1p7kakr ghpEtB jtovHP yle__article__paragraph\">\u2013 Det \u00e4r det som \u00e4r det stora med konst, att det som du k\u00e4nner j\u00e4ttedjupt s\u00e5 k\u00e4nner n\u00e5gon annan ocks\u00e5, och ocks\u00e5 publiken i b\u00e4sta fall.<\/p>\n<p><img decoding=\"async\" alt=\"\" src=\"https:\/\/www.europesays.com\/se\/wp-content\/uploads\/2025\/10\/13-1-71695718-1724842045548.jpeg\" class=\"aw-1l9m598 hKVVvP\"\/>Det h\u00e4r \u00e4r Kritikerpanelen<\/p>\n<ul class=\"aw-1jjocuh iJTSwP yle__article__list yle__article__list--ul\">\n<li class=\"aw-1j7gwms eEeLbO\">Vi samlar Svenskfinlands vassaste kritiker f\u00f6r diskussioner om aktuella verk inom olika kulturgenrer.<\/li>\n<li class=\"aw-1j7gwms eEeLbO\">I veckans panel medverkar Sara Ehnholm Hielm (recenserat f\u00f6r HBL) och Silja Sahlgren-Fodstad (recenserat f\u00f6r Svenska Yle).<\/li>\n<\/ul>\n","protected":false},"excerpt":{"rendered":"Joachim Triers nya film har blivit prisad i Cannes, tippas f\u00e5 Oscars\u00adnomineringar och gillas av kritikerna. \u00d6ppna bildvisare&hellip;\n","protected":false},"author":2,"featured_media":59352,"comment_status":"","ping_status":"","sticky":false,"template":"","format":"standard","meta":{"footnotes":""},"categories":[67],"tags":[104,2087,5599,5600,5598,194,5597,34,5596,3803,31,33,32,30,105,195],"class_list":{"0":"post-59351","1":"post","2":"type-post","3":"status-publish","4":"format-standard","5":"has-post-thumbnail","7":"category-underhallning","8":"tag-entertainment","9":"tag-filmer","10":"tag-filmfestivalen-i-cannes","11":"tag-filmkritik","12":"tag-joachim-trier","13":"tag-kultur","14":"tag-renate-reinsve","15":"tag-se","16":"tag-sentimental-value","17":"tag-stellan-skarsgard","18":"tag-svenska","19":"tag-sverige","20":"tag-sweden","21":"tag-swedish","22":"tag-underhallning","23":"tag-yle-kultur"},"share_on_mastodon":{"url":"","error":""},"_links":{"self":[{"href":"https:\/\/www.europesays.com\/se\/wp-json\/wp\/v2\/posts\/59351","targetHints":{"allow":["GET"]}}],"collection":[{"href":"https:\/\/www.europesays.com\/se\/wp-json\/wp\/v2\/posts"}],"about":[{"href":"https:\/\/www.europesays.com\/se\/wp-json\/wp\/v2\/types\/post"}],"author":[{"embeddable":true,"href":"https:\/\/www.europesays.com\/se\/wp-json\/wp\/v2\/users\/2"}],"replies":[{"embeddable":true,"href":"https:\/\/www.europesays.com\/se\/wp-json\/wp\/v2\/comments?post=59351"}],"version-history":[{"count":0,"href":"https:\/\/www.europesays.com\/se\/wp-json\/wp\/v2\/posts\/59351\/revisions"}],"wp:featuredmedia":[{"embeddable":true,"href":"https:\/\/www.europesays.com\/se\/wp-json\/wp\/v2\/media\/59352"}],"wp:attachment":[{"href":"https:\/\/www.europesays.com\/se\/wp-json\/wp\/v2\/media?parent=59351"}],"wp:term":[{"taxonomy":"category","embeddable":true,"href":"https:\/\/www.europesays.com\/se\/wp-json\/wp\/v2\/categories?post=59351"},{"taxonomy":"post_tag","embeddable":true,"href":"https:\/\/www.europesays.com\/se\/wp-json\/wp\/v2\/tags?post=59351"}],"curies":[{"name":"wp","href":"https:\/\/api.w.org\/{rel}","templated":true}]}}