{"id":59363,"date":"2025-10-19T18:49:07","date_gmt":"2025-10-19T18:49:07","guid":{"rendered":"https:\/\/www.europesays.com\/se\/59363\/"},"modified":"2025-10-19T18:49:07","modified_gmt":"2025-10-19T18:49:07","slug":"apple-oroade-over-nya-siri","status":"publish","type":"post","link":"https:\/\/www.europesays.com\/se\/59363\/","title":{"rendered":"Apple oroade \u00f6ver nya Siri"},"content":{"rendered":"<p class=\"kicker t20 font-Raleway\" style=\"\">Farh\u00e5gor kring integritet och tillf\u00f6rlitlighet<\/p>\n<p>    Appleanst\u00e4llda oroade \u00f6ver Siri-prestanda tidig Ios 26.4\u2011version, lanseringsdatumet kan komma att justeras.<\/p>\n<p>Enligt tidigare information ska Apple planera att sl\u00e4ppa den nya Apple Intelligence-versionen av Siri som en del av uppdateringen till Ios 26.4. Nu uppger publikationen <a href=\"https:\/\/www.bloomberg.com\/news\/newsletters\/2025-10-19\/apple-m5-ipad-pro-vision-pro-macbook-pro-impressions-review-touch-screen-mac-mgxnn1w8 \" target=\"_blank\" rel=\"nofollow noopener\">Bloomberg <\/a>att Apple internt har uttryckt oro f\u00f6r en tidig version av Ios 26.4. Anst\u00e4llda s\u00e4ger att versionen visar att assistenten ibland ger inkorrekta eller inkonsekventa svar och beter sig ov\u00e4ntat i vissa scenarier. <\/p>\n<p>Det finns ocks\u00e5 farh\u00e5gor kring stabilitet och kvalitetskontroll. Testare uppges vilja se fler och h\u00e5rdare tester innan funktionerna n\u00e5r vanliga anv\u00e4ndare, s\u00e5 att buggar kan hittas och reproduceras l\u00e4ttare. <\/p>\n<p>\u00c4ven integritets- och s\u00e4kerhetsfr\u00e5gor n\u00e4mns som ett centralt problem. Anst\u00e4llda \u00e4r os\u00e4kra p\u00e5 hur samtal loggas, vem internt som kan komma \u00e5t data, och om modeller alltid k\u00f6rs lokalt eller delvis i molnet. Detta v\u00e4cker r\u00e4dsla f\u00f6r oavsiktlig exponering av anv\u00e4ndarinformation. <\/p>\n<p>K\u00e4llor inom f\u00f6retaget diskuterar ocks\u00e5 de m\u00f6jliga f\u00f6ljderna om problem sl\u00e4pps publikt. Med \u00f6kat fokus p\u00e5 generativ AI oroar man sig f\u00f6r krav p\u00e5 begr\u00e4nsningar och skadat f\u00f6rtroende bland anv\u00e4ndare. <\/p>\n<p>Som en f\u00f6ljd av problemen \u00f6verv\u00e4ger ledningen att bromsa eller justera lanseringsplanen tills de viktigaste bristerna \u00e4r \u00e5tg\u00e4rdade och tydligare skydd f\u00f6r anv\u00e4ndardata och svarskvalitet finns p\u00e5 plats. <\/p>\n","protected":false},"excerpt":{"rendered":"Farh\u00e5gor kring integritet och tillf\u00f6rlitlighet Appleanst\u00e4llda oroade \u00f6ver Siri-prestanda tidig Ios 26.4\u2011version, lanseringsdatumet kan komma att justeras. Enligt&hellip;\n","protected":false},"author":2,"featured_media":59364,"comment_status":"","ping_status":"","sticky":false,"template":"","format":"standard","meta":{"footnotes":""},"categories":[66],"tags":[80,78,79,34,31,33,32,30,81,84,83,82],"class_list":{"0":"post-59363","1":"post","2":"type-post","3":"status-publish","4":"format-standard","5":"has-post-thumbnail","7":"category-vetenskap-och-teknik","8":"tag-science","9":"tag-science-and-technology","10":"tag-scienceandtechnology","11":"tag-se","12":"tag-svenska","13":"tag-sverige","14":"tag-sweden","15":"tag-swedish","16":"tag-technology","17":"tag-teknik","18":"tag-vetenskap","19":"tag-vetenskapteknik"},"share_on_mastodon":{"url":"","error":""},"_links":{"self":[{"href":"https:\/\/www.europesays.com\/se\/wp-json\/wp\/v2\/posts\/59363","targetHints":{"allow":["GET"]}}],"collection":[{"href":"https:\/\/www.europesays.com\/se\/wp-json\/wp\/v2\/posts"}],"about":[{"href":"https:\/\/www.europesays.com\/se\/wp-json\/wp\/v2\/types\/post"}],"author":[{"embeddable":true,"href":"https:\/\/www.europesays.com\/se\/wp-json\/wp\/v2\/users\/2"}],"replies":[{"embeddable":true,"href":"https:\/\/www.europesays.com\/se\/wp-json\/wp\/v2\/comments?post=59363"}],"version-history":[{"count":0,"href":"https:\/\/www.europesays.com\/se\/wp-json\/wp\/v2\/posts\/59363\/revisions"}],"wp:featuredmedia":[{"embeddable":true,"href":"https:\/\/www.europesays.com\/se\/wp-json\/wp\/v2\/media\/59364"}],"wp:attachment":[{"href":"https:\/\/www.europesays.com\/se\/wp-json\/wp\/v2\/media?parent=59363"}],"wp:term":[{"taxonomy":"category","embeddable":true,"href":"https:\/\/www.europesays.com\/se\/wp-json\/wp\/v2\/categories?post=59363"},{"taxonomy":"post_tag","embeddable":true,"href":"https:\/\/www.europesays.com\/se\/wp-json\/wp\/v2\/tags?post=59363"}],"curies":[{"name":"wp","href":"https:\/\/api.w.org\/{rel}","templated":true}]}}