{"id":59371,"date":"2025-10-19T18:58:10","date_gmt":"2025-10-19T18:58:10","guid":{"rendered":"https:\/\/www.europesays.com\/se\/59371\/"},"modified":"2025-10-19T18:58:10","modified_gmt":"2025-10-19T18:58:10","slug":"trots-lyckad-skord-tufft-lage-for-lantbrukare","status":"publish","type":"post","link":"https:\/\/www.europesays.com\/se\/59371\/","title":{"rendered":"Trots lyckad sk\u00f6rd \u2013 tufft l\u00e4ge f\u00f6r lantbrukare"},"content":{"rendered":"<p class=\"kicker t16 tm16 primary color_mobile_primary\" style=\"\">Jordbruk<\/p>\n<p>\n        Det har varit ett bra \u00e5r f\u00f6r spannm\u00e5lsodlarna, konstaterar Lantm\u00e4nnen.<br \/>\n        Magnus Lejhall\/TT\n    <\/p>\n<p>    \u00c5rets sk\u00f6rd ser ut att bli den st\u00f6rsta sedan 2019. En faktor g\u00f6r dock l\u00e4get bekymmersamt f\u00f6r Sveriges lantbrukare. <\/p>\n<p>\u2013 Kalkylen ser r\u00e4tt s\u00e5 d\u00e5lig ut, s\u00e4ger Magnus Kagevik, Lantm\u00e4nnens vd till TT.<\/p>\n<p>Gynnsamma v\u00e4derf\u00f6rh\u00e5llanden har bidragit till att lyfta \u00e5rets sk\u00f6rdeutfall. Prognosen \u00e4r nu att sk\u00f6rden slutar p\u00e5 mer \u00e4n sex miljoner ton, i s\u00e5 fall den h\u00f6gsta siffran p\u00e5 sex \u00e5r och blott tredje g\u00e5ngen under 2000-talet som man \u00f6verstiger sex miljoner.<\/p>\n<p>                ERBJUDANDE!<br \/>\n<br \/>V\u00e4rlden idag DIGITAL<br \/>\n                2 m\u00e5nader f\u00f6r 10 kr!<\/p>\n<p>\n                    <a href=\"https:\/\/api.varldenidag.se\/paywall\/order?providerUrl=https%3A%2F%2Forder.flowy.se%2Fvarldenidag%2Fvarldenidagdigital%2F3990%2Fuserform%3FcouponNumber%3D124&amp;siteAlias=varldenidag&amp;&amp;siteId=2&amp;contentUrl=https%3A%2F%2Fwww.varldenidag.se%2Fnyheter%2Ftrots-lyckad-skord-tufft-lage-for-lantbrukare%2F884780\" rel=\"nofollow noopener\" target=\"_blank\">K\u00d6P<\/a>\n                <\/p>\n<p>                V\u00e4rlden idag<br \/>\n<br \/>DIGITAL<br \/>\n                129,-<\/p>\n<p class=\"price_description\">kr\/m\u00e5nad \u200b\u200b\u200b\u200b\u200b\u200b<\/p>\n<p>\n                    <a href=\"https:\/\/order.flowy.se\/varldenidag\/varldenidagdigital\" rel=\"nofollow noopener\" target=\"_blank\">K\u00d6P<\/a>\n                <\/p>\n<p>                V\u00e4rlden idag<br \/>\n<br \/>PAPPER<br \/>\n                189,-<\/p>\n<p class=\"price_description\">kr\/m\u00e5nad \u200b\u200b\u200b\u200b\u200b\u200b<\/p>\n<p>\n                    <a href=\"https:\/\/order.flowy.se\/varldenidag\/varldenidag\" rel=\"nofollow noopener\" target=\"_blank\">K\u00d6P<\/a>\n                <\/p>\n","protected":false},"excerpt":{"rendered":"Jordbruk Det har varit ett bra \u00e5r f\u00f6r spannm\u00e5lsodlarna, konstaterar Lantm\u00e4nnen. Magnus Lejhall\/TT \u00c5rets sk\u00f6rd ser ut att&hellip;\n","protected":false},"author":2,"featured_media":59372,"comment_status":"","ping_status":"","sticky":false,"template":"","format":"standard","meta":{"footnotes":""},"categories":[65],"tags":[72,70,71,34,31,33,32,30],"class_list":{"0":"post-59371","1":"post","2":"type-post","3":"status-publish","4":"format-standard","5":"has-post-thumbnail","7":"category-ekonomi","8":"tag-business","9":"tag-economy","10":"tag-ekonomi","11":"tag-se","12":"tag-svenska","13":"tag-sverige","14":"tag-sweden","15":"tag-swedish"},"share_on_mastodon":{"url":"","error":""},"_links":{"self":[{"href":"https:\/\/www.europesays.com\/se\/wp-json\/wp\/v2\/posts\/59371","targetHints":{"allow":["GET"]}}],"collection":[{"href":"https:\/\/www.europesays.com\/se\/wp-json\/wp\/v2\/posts"}],"about":[{"href":"https:\/\/www.europesays.com\/se\/wp-json\/wp\/v2\/types\/post"}],"author":[{"embeddable":true,"href":"https:\/\/www.europesays.com\/se\/wp-json\/wp\/v2\/users\/2"}],"replies":[{"embeddable":true,"href":"https:\/\/www.europesays.com\/se\/wp-json\/wp\/v2\/comments?post=59371"}],"version-history":[{"count":0,"href":"https:\/\/www.europesays.com\/se\/wp-json\/wp\/v2\/posts\/59371\/revisions"}],"wp:featuredmedia":[{"embeddable":true,"href":"https:\/\/www.europesays.com\/se\/wp-json\/wp\/v2\/media\/59372"}],"wp:attachment":[{"href":"https:\/\/www.europesays.com\/se\/wp-json\/wp\/v2\/media?parent=59371"}],"wp:term":[{"taxonomy":"category","embeddable":true,"href":"https:\/\/www.europesays.com\/se\/wp-json\/wp\/v2\/categories?post=59371"},{"taxonomy":"post_tag","embeddable":true,"href":"https:\/\/www.europesays.com\/se\/wp-json\/wp\/v2\/tags?post=59371"}],"curies":[{"name":"wp","href":"https:\/\/api.w.org\/{rel}","templated":true}]}}