{"id":59427,"date":"2025-10-19T20:38:08","date_gmt":"2025-10-19T20:38:08","guid":{"rendered":"https:\/\/www.europesays.com\/se\/59427\/"},"modified":"2025-10-19T20:38:08","modified_gmt":"2025-10-19T20:38:08","slug":"fbi-utreder-jaktkoja-fri-sikt-mot-trump","status":"publish","type":"post","link":"https:\/\/www.europesays.com\/se\/59427\/","title":{"rendered":"FBI utreder jaktkoja \u2013 fri sikt mot Trump"},"content":{"rendered":"<p>Publicerad 19 okt 2025 kl 22.04Uppdaterad kl 22.17<\/p>\n<p>En jaktkoja har uppt\u00e4ckts i ett tr\u00e4d utanf\u00f6r flygplatsen i Palm Beach, Florida.<\/p>\n<p>Den \u00e4r placerad s\u00e5 att har man fri sikt mot platsen d\u00e4r president Donald Trump stiger av sitt regeringsplan, skriver <a href=\"https:\/\/www.foxnews.com\/us\/fbi-investigates-hunting-stand-sight-line-trumps-air-force-one-exit-area-palm-beach-airport\" rel=\"nofollow noopener\" target=\"_blank\">Fox News.<\/a>\u00a0<\/p>\n<p>Senaste nyhetsklippen fr\u00e5n Expressen.<img   alt=\"\"\/><\/p>\n<p>FBI leder utredningen om den mystiska jaktkojan.<\/p>\n<p>Foto: ALEX BRANDON \/ AP TT NYHETSBYR\u00c5N<\/p>\n<p>\u00d6ppna bild i helsk\u00e4rm<\/p>\n<p>I torsdags uppt\u00e4ckte Secret service-agenter en slags jaktkoja i ett tr\u00e4d utanf\u00f6r den internationella flygplatsen i Palm Beach. Fr\u00e5n jaktkojan har man fri sikt mot den plats d\u00e4r president Trump stiger av regeringsplanet, rapporterar <a href=\"https:\/\/www.foxnews.com\/us\/fbi-investigates-hunting-stand-sight-line-trumps-air-force-one-exit-area-palm-beach-airport\" rel=\"nofollow noopener\" target=\"_blank\">Fox News.<\/a> \u00a0<\/p>\n<p>FBI har tagit \u00f6ver utredningen. Myndighetens chef Kash Patel s\u00e4ger till tv-kanalen att jaktkojan \u00e4nnu inte har kopplats till n\u00e5gon individ.<\/p>\n<p>\u2013 Innan presidentens \u00e5terkomst till Palm Beach uppt\u00e4ckte Secret service vad som verkade vara en upph\u00f6jd jaktkoja med direkt skottlinje mot Air Force Ones landningszon. Inga personer fanns p\u00e5 platsen. FBI har d\u00e4refter tagit \u00f6ver utredningen, flugit in resurser f\u00f6r att samla in alla bevis fr\u00e5n platsen och vidtagit \u00e5tg\u00e4rder f\u00f6r mobiltelefonanalys.\u00a0<\/p>\n<p><img loading=\"lazy\"   alt=\"\"\/><\/p>\n<p>Jaktkojan i tr\u00e4det utanf\u00f6r flygplatsen i Palm Beach, Florida.<\/p>\n<p>Foto: Secret service<\/p>\n<p>\u00d6ppna bild i helsk\u00e4rm<img loading=\"lazy\"   alt=\"\"\/><\/p>\n<p>FBI-chefen Kash Patel bekr\u00e4ftar att myndighetens personal nu leder utredningen.<\/p>\n<p>Foto: JIM LOSCALZO \/ POOL VIA CNP \/ STELLA PICTURES ZUMA PRESS<\/p>\n<p>\u00d6ppna bild i helsk\u00e4rm<\/p>\n<p>Kommunikationschefen f\u00f6r Secret service, Anthony Guglielmi, ber\u00e4ttar f\u00f6r Fox News att agenterna uppt\u00e4ckte jaktkojan n\u00e4r de skulle s\u00e4kra omr\u00e5det inf\u00f6r <a href=\"https:\/\/www.expressen.se\/tagg\/person\/donald-trump\/\" class=\"\" rel=\"nofollow noopener\" target=\"_blank\">Donald Trumps<\/a> ankomst till Palm Beach.\u00a0<\/p>\n<p>\u2013 \u00c4ven om vi inte kan ge detaljer om de specifika f\u00f6rem\u00e5len eller syftet, understryker den h\u00e4r h\u00e4ndelsen vikten av v\u00e5ra flerskiktade s\u00e4kerhets\u00e5tg\u00e4rder.\u00a0<\/p>\n<p>En k\u00e4lla uppger f\u00f6r tv-kanalen att jaktkojan verkar ha satts upp \u201df\u00f6r flera m\u00e5nader sedan\u201d.\u00a0<\/p>\n<p>Skjuten vid kampanjm\u00f6te<\/p>\n<p>Flera personer har f\u00f6rs\u00f6kt m\u00f6rda Donald Trump.\u00a0<\/p>\n<p>I september i fjol greps 59-\u00e5rige Ryan Roth av Secret service-agenter. Han l\u00e5g i buskarna utanf\u00f6r presidentens golfbana i Palm Beach, utrustad med ett gev\u00e4r, men agenterna fick syn p\u00e5 gev\u00e4rspipan. <a href=\"https:\/\/www.expressen.se\/nyheter\/expressen-direkt\/?post=3d1f07db-8624-421c-b779-0bb410ce208a\" rel=\"nofollow noopener\" target=\"_blank\">F\u00f6r ett par veckor sedan d\u00f6mdes han f\u00f6r flera brott<\/a>, men straffet \u00e4r \u00e4nnu inte meddelat. Han riskerar livstids f\u00e4ngelse.\u00a0<\/p>\n<p>I juli i fjol <a href=\"https:\/\/www.expressen.se\/nyheter\/varlden\/skottliknande-ljud-under-trumps-tal-\/\" rel=\"nofollow noopener\" target=\"_blank\">tr\u00e4ffades Donald Trump av ett skott i \u00f6rat<\/a> under ett kampanjm\u00f6te i Butler, Pennsylvania. Flera skott avlossades, fr\u00e5n ett avst\u00e5nd p\u00e5 cirka 120-150 meter. Skytten, 20-\u00e5rige Thomas Matthew Crooks, sk\u00f6ts till d\u00f6ds av Secret service-agenter.\u00a0<\/p>\n<p><strong>L\u00c4S MER: <\/strong><a href=\"https:\/\/www.expressen.se\/nyheter\/varlden\/skottliknande-ljud-under-trumps-tal-\/\" class=\"\" rel=\"nofollow noopener\" target=\"_blank\">Skottlossning under Trumps tal \u2013 tr\u00e4ffad i \u00f6rat<\/a><strong>L\u00c4S MER: <\/strong><a href=\"https:\/\/www.expressen.se\/nyheter\/varlden\/miljontals-vantas-protestera-mot-donald-trump\/\" class=\"\" rel=\"nofollow noopener\" target=\"_blank\">Miljontals protesterade mot Donald Trump<\/a>H\u00e4r dyker Trump upp som kung i AI-video.<\/p>\n","protected":false},"excerpt":{"rendered":"Publicerad 19 okt 2025 kl 22.04Uppdaterad kl 22.17 En jaktkoja har uppt\u00e4ckts i ett tr\u00e4d utanf\u00f6r flygplatsen i&hellip;\n","protected":false},"author":2,"featured_media":59428,"comment_status":"","ping_status":"","sticky":false,"template":"","format":"standard","meta":{"footnotes":""},"categories":[5],"tags":[22,23,26,27,17,21,24,25,2254,2995,28,29,15,16,3307,2996,198,3306,18,34,55,31,33,32,30,19,436,20],"class_list":{"0":"post-59427","1":"post","2":"type-post","3":"status-publish","4":"format-standard","5":"has-post-thumbnail","7":"category-rubriker","8":"tag-breaking-news","9":"tag-breakingnews","10":"tag-featured-news","11":"tag-featurednews","12":"tag-headlines","13":"tag-huvudnyheter","14":"tag-latest-news","15":"tag-latestnews","16":"tag-location-florida","17":"tag-location-palm-beach","18":"tag-main-news","19":"tag-mainnews","20":"tag-news","21":"tag-nyheter","22":"tag-organization-fbi","23":"tag-organization-secret-service","24":"tag-person-donald-trump","25":"tag-person-kash-patel","26":"tag-rubriker","27":"tag-se","28":"tag-sections-varlden","29":"tag-svenska","30":"tag-sverige","31":"tag-sweden","32":"tag-swedish","33":"tag-top-stories","34":"tag-topic-valdsbrott-mord","35":"tag-topstories"},"share_on_mastodon":{"url":"","error":""},"_links":{"self":[{"href":"https:\/\/www.europesays.com\/se\/wp-json\/wp\/v2\/posts\/59427","targetHints":{"allow":["GET"]}}],"collection":[{"href":"https:\/\/www.europesays.com\/se\/wp-json\/wp\/v2\/posts"}],"about":[{"href":"https:\/\/www.europesays.com\/se\/wp-json\/wp\/v2\/types\/post"}],"author":[{"embeddable":true,"href":"https:\/\/www.europesays.com\/se\/wp-json\/wp\/v2\/users\/2"}],"replies":[{"embeddable":true,"href":"https:\/\/www.europesays.com\/se\/wp-json\/wp\/v2\/comments?post=59427"}],"version-history":[{"count":0,"href":"https:\/\/www.europesays.com\/se\/wp-json\/wp\/v2\/posts\/59427\/revisions"}],"wp:featuredmedia":[{"embeddable":true,"href":"https:\/\/www.europesays.com\/se\/wp-json\/wp\/v2\/media\/59428"}],"wp:attachment":[{"href":"https:\/\/www.europesays.com\/se\/wp-json\/wp\/v2\/media?parent=59427"}],"wp:term":[{"taxonomy":"category","embeddable":true,"href":"https:\/\/www.europesays.com\/se\/wp-json\/wp\/v2\/categories?post=59427"},{"taxonomy":"post_tag","embeddable":true,"href":"https:\/\/www.europesays.com\/se\/wp-json\/wp\/v2\/tags?post=59427"}],"curies":[{"name":"wp","href":"https:\/\/api.w.org\/{rel}","templated":true}]}}