{"id":59430,"date":"2025-10-19T20:46:19","date_gmt":"2025-10-19T20:46:19","guid":{"rendered":"https:\/\/www.europesays.com\/se\/59430\/"},"modified":"2025-10-19T20:46:19","modified_gmt":"2025-10-19T20:46:19","slug":"putin-kan-medvetet-blockera-fred-i-ukraina-med-omojliga-krav-sager-militarexpert-utrikes","status":"publish","type":"post","link":"https:\/\/www.europesays.com\/se\/59430\/","title":{"rendered":"Putin kan medvetet blockera fred i Ukraina med om\u00f6jliga krav, s\u00e4ger milit\u00e4rexpert | Utrikes"},"content":{"rendered":"<p class=\"aw-1gybjub aw-1p7kakr ghpEtB jtovHP yle__article__paragraph\">Rysslands president <strong class=\"aw-ak79eh KyCXm yle__article__strong\">Vladimir Putin<\/strong> har <a class=\"aw-iao6s4 iHOxEa yle__article__link\" href=\"https:\/\/www.washingtonpost.com\/politics\/2025\/10\/18\/putin-trump-donetsk-war-ukraine\/\" role=\"link\" rel=\"nofollow noopener\" target=\"_blank\">enligt tidningen Washington Post<\/a> kr\u00e4vt att Ukraina \u00f6verl\u00e4mnar hela Donetskomr\u00e5det till Ryssland som villkor f\u00f6r fred.<\/p>\n<p class=\"aw-1gybjub aw-1p7kakr ghpEtB jtovHP yle__article__paragraph\">I ett telefonsamtal med USA:s president <strong class=\"aw-ak79eh KyCXm yle__article__strong\">Donald Trump<\/strong> ska Putin ha erbjudit sig att avst\u00e5 fr\u00e5n delar av de delvis ockuperade omr\u00e5dena Zaporizjzja och Cherson, om han f\u00e5r full kontroll \u00f6ver Donetsk.<\/p>\n<p class=\"aw-1gybjub aw-1p7kakr ghpEtB jtovHP yle__article__paragraph\">Uppgifterna kommer fr\u00e5n amerikanska tj\u00e4nstem\u00e4n, rapporterar tidningen.<\/p>\n<p class=\"aw-1gybjub aw-1p7kakr ghpEtB jtovHP yle__article__paragraph\">Vid ett m\u00f6te i Vita huset i fredags ska Trumps s\u00e4ndebud <strong class=\"aw-ak79eh KyCXm yle__article__strong\">Steve Witkoff<\/strong> ocks\u00e5 ha pressat den ukrainska delegationen att \u00f6verl\u00e4mna Donetsk, med argumentet att regionen \u00e4r rysktalande.<\/p>\n<p class=\"aw-1gybjub aw-1p7kakr ghpEtB jtovHP yle__article__paragraph\">Det \u00e4r ett klassiskt ryskt argument som ses som en eftergift till Ryssland.<\/p>\n<p>Rysslands verkliga m\u00e5l g\u00e5r l\u00e4ngre<\/p>\n<p class=\"aw-1gybjub aw-1p7kakr ghpEtB jtovHP yle__article__paragraph\">\u2013 Det handlar inte bara om att f\u00e5 kontroll \u00f6ver n\u00e5gra f\u00f6rst\u00f6rda st\u00e4der i Donetsk, s\u00e4ger milit\u00e4ranalytikern <strong class=\"aw-ak79eh KyCXm yle__article__strong\">Emil Kastehelmi<\/strong> fr\u00e5n Blackbird Group i en intervju med Svenska Yle nu p\u00e5 s\u00f6ndagen.<\/p>\n<p class=\"aw-1gybjub aw-1p7kakr ghpEtB jtovHP yle__article__paragraph\">Han betonar att Putins verkliga ambition \u00e4r att g\u00f6ra Ukraina till en lydstat utan verklig suver\u00e4nitet.<\/p>\n<p class=\"aw-1gybjub aw-1p7kakr ghpEtB jtovHP yle__article__paragraph\">\u2013 M\u00e5let \u00e4r att bygga upp den egna intressesf\u00e4ren, att forma Europas s\u00e4kerhetsarkitektur i en f\u00f6r Ryssland mer gynnsam riktning och att snickra ihop en l\u00f6sning som eventuellt h\u00e5ller i decennier fram\u00e5t, s\u00e4ger Kastehelmi.<\/p>\n<p class=\"aw-1gybjub aw-1p7kakr ghpEtB jtovHP yle__article__paragraph\">Fr\u00e5gan \u00e4r om Ukraina f\u00f6rblir en underordnad stat som f\u00f6rlorat sin suver\u00e4nitet, eller om det blir en fullv\u00e4rdig stat med utrikes- och s\u00e4kerhetspolitiskt man\u00f6verutrymme och anknytning till v\u00e4sterl\u00e4ndska strukturer s\u00e5som EU och Nato.<\/p>\n<p>Of\u00f6renliga m\u00e5l f\u00f6rsv\u00e5rar fredssamtal<\/p>\n<p class=\"aw-1gybjub aw-1p7kakr ghpEtB jtovHP yle__article__paragraph\">Problemet \u00e4r att parternas nuvarande m\u00e5l inte g\u00e5r att f\u00f6rena.<\/p>\n<p class=\"aw-1gybjub aw-1p7kakr ghpEtB jtovHP yle__article__paragraph\">Ukraina kontrollerar f\u00f6r n\u00e4rvarande bara cirka en fj\u00e4rdedel av Donetsk. Att ge upp det skulle inneb\u00e4ra att Ukraina f\u00f6rlorar v\u00e4l bef\u00e4sta positioner som man k\u00e4mpat h\u00e5rt f\u00f6r att beh\u00e5lla.<\/p>\n<p class=\"aw-1gybjub aw-1p7kakr ghpEtB jtovHP yle__article__paragraph\">\u2013 Fr\u00e5n Ukrainas perspektiv skulle man mista omr\u00e5den som \u00e4r b\u00e5de l\u00e4tta att f\u00f6rsvara och som legitimt tillh\u00f6r dem. Att bara \u00f6verl\u00e4mna dem p\u00e5 grund av angriparens vilja \u00e4r en oh\u00e5llbar tanke f\u00f6r Ukrainas ledning och folk, och det av helt f\u00f6rst\u00e5eliga sk\u00e4l, s\u00e4ger Kastehelmi.<\/p>\n<p class=\"aw-1gybjub aw-1p7kakr ghpEtB jtovHP yle__article__paragraph\">Ryssland har inte lyckats avancera s\u00e4rskilt snabbt i Donetsk sedan \u00e5r 2022.<\/p>\n<p>Tveksamt om verkliga eftergifter<\/p>\n<p class=\"aw-1gybjub aw-1p7kakr ghpEtB jtovHP yle__article__paragraph\">Det finns dessutom starka tvivel p\u00e5 att Putin verkligen skulle vara beredd att ge upp strategiskt viktiga delar av Zaporizjzja och Cherson. De omr\u00e5dena utg\u00f6r tillsammans landf\u00f6rbindelsen till Krim.<\/p>\n<p class=\"aw-1gybjub aw-1p7kakr ghpEtB jtovHP yle__article__paragraph\">\u2013 Jag har sv\u00e5rt att se att Putin till exempel skulle b\u00f6rja ge upp den s\u00e5 kallade kontinentala delen av Cherson, eftersom det och ocks\u00e5 stora delar av Zaporizjzja som Ryssland f\u00f6r n\u00e4rvarande kontrollerar utg\u00f6r en naturlig geografisk helhet som ocks\u00e5 \u00e4r landf\u00f6rbindelsen till Krim, s\u00e4ger Kastehelmi.<\/p>\n<p class=\"aw-1gybjub aw-1p7kakr ghpEtB jtovHP yle__article__paragraph\">Han bed\u00f6mer att Putin d\u00e4remot skulle kunna vara beredd att ge upp omr\u00e5den i Charkiv, Dnipropetrovsk och Sumy som Ryssland ockuperat.<\/p>\n<p>Krim utanf\u00f6r r\u00e4ckh\u00e5ll<\/p>\n<p class=\"aw-1gybjub aw-1p7kakr ghpEtB jtovHP yle__article__paragraph\">Att Krim inte ens n\u00e4mns i sammanhanget \u00e4r enligt milit\u00e4ranalytiker Emil Kastehelmi helt f\u00f6rv\u00e4ntat.<\/p>\n<p class=\"aw-1gybjub aw-1p7kakr ghpEtB jtovHP yle__article__paragraph\">\u2013 Jag har mycket sv\u00e5rt att se hur Ukraina skulle kunna f\u00e5 tillbaka Krimhalv\u00f6n eller st\u00f6rre landomr\u00e5den med milit\u00e4ra operationer, s\u00e4ger han.<\/p>\n<p class=\"aw-1gybjub aw-1p7kakr ghpEtB jtovHP yle__article__paragraph\">Han p\u00e5pekar att situationen p\u00e5 fronten \u00e4r s\u00e5dan att Rysslands anfall inte ens har stoppats \u00e4nnu, utan forts\u00e4tter l\u00e5ngsamt men st\u00e4ndigt.<\/p>\n<p class=\"aw-1gybjub aw-1p7kakr ghpEtB jtovHP yle__article__paragraph\">\u2013 Det \u00e4r kanske det mest centrala av de h\u00e4r problemen som m\u00e5ste f\u00e5 ett slut innan man ens kan \u00f6verv\u00e4ga att befria st\u00f6rre omr\u00e5den.<\/p>\n<blockquote class=\"aw-5b7r8f cbYKVf\">\n<p class=\"aw-1gybjub aw-c9wyj2 ghpEtB gvGRkS\">I praktiken st\u00e4ller man s\u00e5 om\u00f6jliga krav att det inte kan bli fred p\u00e5 de villkoren<\/p>\n<p class=\"aw-1gybjub aw-1pgj57y ghpEtB kqsCaW\">milit\u00e4ranalytiker Emil Kastehelmi<\/p>\n<\/blockquote>\n<p>Kan vara ett s\u00e4tt att blockera fred<\/p>\n<p class=\"aw-1gybjub aw-1p7kakr ghpEtB jtovHP yle__article__paragraph\">Kastehelmi ser en risk f\u00f6r att Ryssland medvetet l\u00e4gger fram orimliga krav f\u00f6r att se ut att vara villigt till fredssamtal.<\/p>\n<p class=\"aw-1gybjub aw-1p7kakr ghpEtB jtovHP yle__article__paragraph\">\u2013 Man visar att man skulle vara beredd till n\u00e5gon slags fredsl\u00f6sning, men i praktiken st\u00e4ller man s\u00e5 om\u00f6jliga krav att det inte kan bli fred p\u00e5 de villkoren, s\u00e4ger han.<\/p>\n<p class=\"aw-1gybjub aw-1p7kakr ghpEtB jtovHP yle__article__paragraph\">Ryssland har dessutom f\u00f6rutom territoriella krav ocks\u00e5 en l\u00e5ng lista med andra villkor, till exempel begr\u00e4nsningar av hur v\u00e4st f\u00e5r hj\u00e4lpa Ukraina efter en eventuell vapenvila, s\u00e4kerhetsgarantier och m\u00f6jliga begr\u00e4nsningar av Ukrainas v\u00e4pnade styrkas storlek och kapacitet.<\/p>\n<p class=\"aw-1gybjub aw-1p7kakr ghpEtB jtovHP yle__article__paragraph\">Det h\u00e4r inneb\u00e4r att man g\u00f6r Ukraina s\u00e5 svagt som m\u00f6jligt f\u00f6r att l\u00e4ttare kunna p\u00e5verka landet i framtiden.<\/p>\n<p>Trumps troliga m\u00f6te med Putin inom kort<\/p>\n<p class=\"aw-1gybjub aw-1p7kakr ghpEtB jtovHP yle__article__paragraph\">Donald Trump och Vladimir Putin v\u00e4ntas ha ett m\u00f6te inom ett par veckor. Kastehelmi har inte s\u00e4rskilt stora f\u00f6rv\u00e4ntningar p\u00e5 m\u00f6tet.<\/p>\n<p class=\"aw-1gybjub aw-1p7kakr ghpEtB jtovHP yle__article__paragraph\">\u2013 Den h\u00e4r pendeln hos Trump, att han ibland \u00e4r mer p\u00e5 Ukrainas sida och ibland k\u00f6per Rysslands narrativ, den har g\u00e5tt fr\u00e5n den ena \u00e4nden till den andra under det h\u00e4r \u00e5ret. Jag gissar att vi kan se en sv\u00e4ng i riktning mot att f\u00f6rst\u00e5 Ryssland lite mer, och sedan f\u00f6rst\u00e5r han v\u00e4st mer igen, s\u00e4ger han.<\/p>\n<p class=\"aw-1gybjub aw-1p7kakr ghpEtB jtovHP yle__article__paragraph\">Han betonar att det \u00e4r mycket sv\u00e5rt f\u00f6r USA att f\u00e5 till en best\u00e5ende l\u00f6sning mellan Ryssland och Ukraina just nu, eftersom m\u00e5len inte g\u00e5r att f\u00f6rena och konflikten inte heller har avgjorts p\u00e5 slagf\u00e4ltet.<\/p>\n<p class=\"aw-1gybjub aw-1p7kakr ghpEtB jtovHP yle__article__paragraph\">\u2013 Ryssarna kan dra ut p\u00e5 och f\u00f6rl\u00e4nga de h\u00e4r f\u00f6rhandlingsprocesserna v\u00e4ldigt l\u00e4nge. De har gjort det hela \u00e5ret och jag tror inte att deras knep tar slut om ett par veckor heller, s\u00e4ger Kastehelmi.<\/p>\n<p class=\"aw-1gybjub aw-1p7kakr ghpEtB jtovHP yle__article__paragraph\">Donald Trump medgav p\u00e5 en presskonferens i Vita huset i fredags att Putin kan f\u00f6rs\u00f6ka vinna tid, men sa att han inte \u00e4r oroad. Trump tillade att han tror sig vara bra p\u00e5 den h\u00e4r typen av f\u00f6rhandlingar.<\/p>\n<p>Kriget kan forts\u00e4tta<\/p>\n<p class=\"aw-1gybjub aw-1p7kakr ghpEtB jtovHP yle__article__paragraph\">Kastehelmi bed\u00f6mer att kriget kommer att forts\u00e4tta i ett bra tag till, eftersom ingen av parterna \u00e4nnu har \u00f6vertaget milit\u00e4rt.<\/p>\n<p class=\"aw-1gybjub aw-1p7kakr ghpEtB jtovHP yle__article__paragraph\">\u2013 Ukraina kan fortfarande milit\u00e4rt s\u00e4tta k\u00e4ppar i hjulet f\u00f6r Ryssland, \u00e4ven om landet inte har f\u00f6rm\u00e5ga till storskaliga motoffensiver. Det h\u00e4r \u00e4r anledningen till varf\u00f6r kriget sannolikt forts\u00e4tter, s\u00e4ger han.<\/p>\n<p class=\"aw-1gybjub aw-1p7kakr ghpEtB jtovHP yle__article__paragraph\">Trumps v\u00e4xlande h\u00e5llning till Ukraina komplicerar l\u00e4get ytterligare. Kastehelmi p\u00e5pekar att USA under Trump inte har sk\u00e4nkt Ukraina vapen, utan bara s\u00e5lt vapen till Ukraina och allierade inom Nato.<\/p>\n<p class=\"aw-1gybjub aw-1p7kakr ghpEtB jtovHP yle__article__paragraph\">Ukraina har \u00e4nd\u00e5 fortsatt f\u00e5 tillg\u00e5ng till amerikansk underr\u00e4ttelseinformation.<\/p>\n","protected":false},"excerpt":{"rendered":"Rysslands president Vladimir Putin har enligt tidningen Washington Post kr\u00e4vt att Ukraina \u00f6verl\u00e4mnar hela Donetskomr\u00e5det till Ryssland som&hellip;\n","protected":false},"author":2,"featured_media":59431,"comment_status":"","ping_status":"","sticky":false,"template":"","format":"standard","meta":{"footnotes":""},"categories":[5],"tags":[22,23,385,5606,26,27,5605,17,21,3517,3051,1744,24,25,28,29,15,16,369,18,1788,264,34,31,33,32,30,19,20,263,74,237,261],"class_list":{"0":"post-59430","1":"post","2":"type-post","3":"status-publish","4":"format-standard","5":"has-post-thumbnail","7":"category-rubriker","8":"tag-breaking-news","9":"tag-breakingnews","10":"tag-donald-trump","11":"tag-donetsk-ryssland","12":"tag-featured-news","13":"tag-featurednews","14":"tag-fredsforhandlingar","15":"tag-headlines","16":"tag-huvudnyheter","17":"tag-konflikter","18":"tag-krig","19":"tag-kriget-i-ukraina","20":"tag-latest-news","21":"tag-latestnews","22":"tag-main-news","23":"tag-mainnews","24":"tag-news","25":"tag-nyheter","26":"tag-politik","27":"tag-rubriker","28":"tag-ryskt-anfall-mot-ukraina","29":"tag-ryssland","30":"tag-se","31":"tag-svenska","32":"tag-sverige","33":"tag-sweden","34":"tag-swedish","35":"tag-top-stories","36":"tag-topstories","37":"tag-ukraina","38":"tag-usa","39":"tag-utrikes","40":"tag-vladimir-putin"},"share_on_mastodon":{"url":"","error":""},"_links":{"self":[{"href":"https:\/\/www.europesays.com\/se\/wp-json\/wp\/v2\/posts\/59430","targetHints":{"allow":["GET"]}}],"collection":[{"href":"https:\/\/www.europesays.com\/se\/wp-json\/wp\/v2\/posts"}],"about":[{"href":"https:\/\/www.europesays.com\/se\/wp-json\/wp\/v2\/types\/post"}],"author":[{"embeddable":true,"href":"https:\/\/www.europesays.com\/se\/wp-json\/wp\/v2\/users\/2"}],"replies":[{"embeddable":true,"href":"https:\/\/www.europesays.com\/se\/wp-json\/wp\/v2\/comments?post=59430"}],"version-history":[{"count":0,"href":"https:\/\/www.europesays.com\/se\/wp-json\/wp\/v2\/posts\/59430\/revisions"}],"wp:featuredmedia":[{"embeddable":true,"href":"https:\/\/www.europesays.com\/se\/wp-json\/wp\/v2\/media\/59431"}],"wp:attachment":[{"href":"https:\/\/www.europesays.com\/se\/wp-json\/wp\/v2\/media?parent=59430"}],"wp:term":[{"taxonomy":"category","embeddable":true,"href":"https:\/\/www.europesays.com\/se\/wp-json\/wp\/v2\/categories?post=59430"},{"taxonomy":"post_tag","embeddable":true,"href":"https:\/\/www.europesays.com\/se\/wp-json\/wp\/v2\/tags?post=59430"}],"curies":[{"name":"wp","href":"https:\/\/api.w.org\/{rel}","templated":true}]}}