{"id":59493,"date":"2025-10-20T00:35:47","date_gmt":"2025-10-20T00:35:47","guid":{"rendered":"https:\/\/www.europesays.com\/se\/59493\/"},"modified":"2025-10-20T00:35:47","modified_gmt":"2025-10-20T00:35:47","slug":"daniela-rathana-inleder-pa-sparet-har-ar-arets-alla-artister","status":"publish","type":"post","link":"https:\/\/www.europesays.com\/se\/59493\/","title":{"rendered":"Daniela Rathana inleder P\u00e5 sp\u00e5ret \u2013 h\u00e4r \u00e4r \u00e5rets alla artister"},"content":{"rendered":"<p>Publicerad 17 okt 2025 kl 08.09Uppdaterad 18 okt kl 10.34<\/p>\n<p>Daniela Rathana inleder och Deportees avslutar. D\u00e4remellan \u00e4r ocks\u00e5 Yukimi, Lars Winnerb\u00e4ck och Terra husband i \u00e5rets upplaga av \u201dP\u00e5 sp\u00e5ret\u201d, meddelar SVT.<\/p>\n<p><img   alt=\"\"\/> <\/p>\n<p>Foto: Bj\u00f6rn Larsson Rosvall\/TT \/ TT NYHETSBYR\u00c5N<\/p>\n<p>\u00d6ppna bild i helsk\u00e4rm<\/p>\n<p>Fem olika husband st\u00e5r f\u00f6r musiken i tre program vardera n\u00e4r \u201d<a href=\"https:\/\/www.expressen.se\/tagg\/organization\/pa-sparet\/\" class=\"\" rel=\"nofollow noopener\" target=\"_blank\">P\u00e5 sp\u00e5ret<\/a>\u201d \u00e4r tillbaka i rutan den 24 oktober. F\u00f6rst ut i program 1\u20133 \u00e4r artisten Daniela Rathana med band som i tur och ordning bjuder p\u00e5 g\u00e4startisterna Magnus Carlson, Niki &amp; the Dove och Jonathan Johansson.<\/p>\n<p>N\u00e4r Little Dragon-s\u00e5ngerskan Yukimi tar \u00f6ver i program 4\u20136 blir det i s\u00e4llskap med Oskar Linnros, Esta Kirabo respektive Titiyo. Vila Flood, Markus Kruneg\u00e5rd och Nicole Saboun\u00e9 upptr\u00e4der med Lars Winnerb\u00e4ck och hans band i program 7\u20139 och rockgruppen Terra i program 10\u201312 har med sig Jakob Hellman, Amanda Bergman och Christer Sj\u00f6gren.<\/p>\n<p>I de tre finalprogrammen, 13\u201315, framtr\u00e4der Deportees med Erik Lundin, Frida Hyv\u00f6nen &amp; Christian Kjellvander och Eva Dahlgren.<\/p>\n<p>Kristian Luuk och Fredrik Lindstr\u00f6m \u00e5terkommer som programledare respektive domare i SVT:s l\u00e5ngk\u00f6rare. I premi\u00e4ravsnittet n\u00e4sta fredag t\u00e4vlar Anders Eldeman och Christoffer Nyqvist mot Ina Lundstr\u00f6m och Hanna Hellquist.<\/p>\n","protected":false},"excerpt":{"rendered":"Publicerad 17 okt 2025 kl 08.09Uppdaterad 18 okt kl 10.34 Daniela Rathana inleder och Deportees avslutar. D\u00e4remellan \u00e4r&hellip;\n","protected":false},"author":2,"featured_media":59494,"comment_status":"","ping_status":"","sticky":false,"template":"","format":"standard","meta":{"footnotes":""},"categories":[67],"tags":[104,5222,361,34,645,31,33,32,30,402,105],"class_list":{"0":"post-59493","1":"post","2":"type-post","3":"status-publish","4":"format-standard","5":"has-post-thumbnail","7":"category-underhallning","8":"tag-entertainment","9":"tag-organization-pa-sparet","10":"tag-organization-svt","11":"tag-se","12":"tag-sections-tv","13":"tag-svenska","14":"tag-sverige","15":"tag-sweden","16":"tag-swedish","17":"tag-topic-artister","18":"tag-underhallning"},"share_on_mastodon":{"url":"","error":""},"_links":{"self":[{"href":"https:\/\/www.europesays.com\/se\/wp-json\/wp\/v2\/posts\/59493","targetHints":{"allow":["GET"]}}],"collection":[{"href":"https:\/\/www.europesays.com\/se\/wp-json\/wp\/v2\/posts"}],"about":[{"href":"https:\/\/www.europesays.com\/se\/wp-json\/wp\/v2\/types\/post"}],"author":[{"embeddable":true,"href":"https:\/\/www.europesays.com\/se\/wp-json\/wp\/v2\/users\/2"}],"replies":[{"embeddable":true,"href":"https:\/\/www.europesays.com\/se\/wp-json\/wp\/v2\/comments?post=59493"}],"version-history":[{"count":0,"href":"https:\/\/www.europesays.com\/se\/wp-json\/wp\/v2\/posts\/59493\/revisions"}],"wp:featuredmedia":[{"embeddable":true,"href":"https:\/\/www.europesays.com\/se\/wp-json\/wp\/v2\/media\/59494"}],"wp:attachment":[{"href":"https:\/\/www.europesays.com\/se\/wp-json\/wp\/v2\/media?parent=59493"}],"wp:term":[{"taxonomy":"category","embeddable":true,"href":"https:\/\/www.europesays.com\/se\/wp-json\/wp\/v2\/categories?post=59493"},{"taxonomy":"post_tag","embeddable":true,"href":"https:\/\/www.europesays.com\/se\/wp-json\/wp\/v2\/tags?post=59493"}],"curies":[{"name":"wp","href":"https:\/\/api.w.org\/{rel}","templated":true}]}}