{"id":59496,"date":"2025-10-20T00:56:25","date_gmt":"2025-10-20T00:56:25","guid":{"rendered":"https:\/\/www.europesays.com\/se\/59496\/"},"modified":"2025-10-20T00:56:25","modified_gmt":"2025-10-20T00:56:25","slug":"hamas-planerar-att-bryta-mot-vapenvilan","status":"publish","type":"post","link":"https:\/\/www.europesays.com\/se\/59496\/","title":{"rendered":"Hamas planerar att bryta mot vapenvilan"},"content":{"rendered":"<p>Hamas planerar attacker mot civilbefolkningen i Gaza, varnar USA:s utrikesdepartement.<\/p>\n<p>Det skulle, enligt USA, inneb\u00e4ra att avtalet om vapenvila \u00f6vertr\u00e4ds.\u00a0<\/p>\n<p>Sj\u00e4lva menar Hamas att USA:s varning \u00e4r propaganda.\u00a0<\/p>\n<p><img   alt=\"\"\/><\/p>\n<p>Hamas-m\u00e4n \u00f6vervakade frigivandet av gisslan.<\/p>\n<p>Foto: APAIMAGES\/SHUTTERSTOCK \/ SHUTTERSTOCK EDITORIAL\/IBL<\/p>\n<p>\u00d6ppna bild i helsk\u00e4rm<img loading=\"lazy\"   alt=\"\"\/><\/p>\n<p>Nu planerar Hamas attacker mot civila i Gaza, enligt USA.<\/p>\n<p>Foto: OMAR ASHTAWY \/ STELLA PICTURES ZUMA PRESS<\/p>\n<p>\u00d6ppna bild i helsk\u00e4rm<\/p>\n<p>Sedan den 10 oktober r\u00e5der vapenvila mellan Israel och <a href=\"https:\/\/www.expressen.se\/tagg\/organization\/hamas\/\" class=\"\" rel=\"nofollow noopener\" target=\"_blank\">Hamas<\/a>, efter att parterna kommit \u00f6verens om f\u00f6rsta fasen i ett fredsavtal.\u00a0<\/p>\n<p>Avtalet inneb\u00e4r bland annat att Israel ska dra tillbaka sina styrkor fr\u00e5n Gaza, och att Hamas ska l\u00e4gga ner vapnen f\u00f6r gott och sl\u00e4ppa styret \u00f6ver Gazaremsan.\u00a0<\/p>\n<p>Detta har h\u00e4nt<\/p>\n<p> Den 10 oktober klockan 11 tr\u00e4dde vapenvilan mellan Hamas och Israel ikraft.<\/p>\n<p> Detta efter att parterna skrivit p\u00e5 f\u00f6rsta delen av ett fredsavtal som lagts fram av USA:s president Donald Trump.<\/p>\n<p> Avtalet innebar att Israel ska dra sig tillbaka fr\u00e5n Gazaremsan och sluta bomba, samt att Hamas skulle sl\u00e4ppa alla gisslan och avv\u00e4pna sig. Hamasstyret ska \u00e4ven ers\u00e4ttas av ett teknokratiskt styre, enligt avtalet.\u00a0<\/p>\n<p> N\u00e5gra dagar efter att vapenvilan inletts avr\u00e4ttade Hamas \u00e5tta personer p\u00e5 ett torg i Gaza, enligt flera medier. Personerna tillh\u00f6r bev\u00e4pnade klaner och grupperingar som inte vill att Hamas ska ha makten i Gaza.\u00a0<\/p>\n<p>Visa mer<\/p>\n<p>Men sedan vapenvilan tr\u00e4dde ikraft har rapporter kommit om att Hamas avr\u00e4ttat personer som tillh\u00f6r bev\u00e4pnade lokala klaner p\u00e5 \u00f6ppen gata i Gaza, vilket bland annat <a href=\"https:\/\/edition.cnn.com\/2025\/10\/14\/middleeast\/gaza-public-execution-gaza-city-hamas-intl\" rel=\"nofollow noopener\" target=\"_blank\">CNN<\/a> rapporterat. Hamas h\u00e4vdar att de d\u00f6dade personerna \u00e4r \u201dkollaborat\u00f6rer och brottslingar\u201d som \u201dspionerat \u00e5t Israel\u201d.<\/p>\n<p>USA:s varning: Planerar attack<\/p>\n<p>Nu varnar USA:s utrikesdepartement f\u00f6r att Hamas kommer forts\u00e4tta d\u00f6da civila inne i Gaza. Larmet kommer efter att utrikesdepartementet tagit del av \u201dtrov\u00e4rdiga rapporter\u201d som uppger att Hamas planerar fler avr\u00e4ttningar, skriver <a href=\"https:\/\/www.timesofisrael.com\/us-warns-of-imminent-hamas-attack-on-palestinian-civilians-says-it-would-violate-truce\/\" rel=\"nofollow noopener\" target=\"_blank\">Times of Israel<\/a>.<\/p>\n<p>\u201dDenna planerade attack mot palestinska civila skulle utg\u00f6ra ett direkt och allvarligt brott mot vapenvilan och undergr\u00e4va de betydande framsteg som uppn\u00e5tts genom medlingsinsatser\u201d, skriver utrikesdepartementet i ett uttalande. \u00a0<\/p>\n<p>Man specificerar inte hur attacken skulle se ut eller vilka civila palestinier Hamas ska rikta sig mot.\u00a0<\/p>\n<p>Hamas svar\u00a0<\/p>\n<p>Hamas svarar p\u00e5 s\u00f6ndagen med att sl\u00e5 ifr\u00e5n sig anklagelserna, rapporterar <a href=\"https:\/\/www.aljazeera.com\/news\/2025\/10\/19\/us-claims-gaza-ceasefire-in-jeopardy-as-hamas-plans-attack\" rel=\"nofollow noopener\" target=\"_blank\">al Jazeera<\/a>.\u00a0<\/p>\n<p>\u201dDet \u00f6verensst\u00e4mmer helt och h\u00e5llet med den vilseledande israeliska propagandan och anv\u00e4nds som svepsk\u00e4l f\u00f6r fortsatta brott och organiserad aggression mot v\u00e5rt folk under ockupationen,\u201d skriver terrorgruppen i ett uttalande.\u00a0<\/p>\n<p>Trump: Inget annat val<\/p>\n<p>I de delar av vapenvileavtalet som medier f\u00e5tt ta del av st\u00e5r det inte explicit att Hamas inte f\u00e5r attackera civila i Gaza, skriver Times of Israel. Men enligt USA skulle en Hamas-attack mot Gazabor inneb\u00e4ra att \u201d\u00e5tg\u00e4rder kommer att vidtas f\u00f6r att skydda Gazas befolkning och uppr\u00e4tth\u00e5lla vapenvilan\u201d.<\/p>\n<p>P\u00e5 torsdagen sa USA:s president Donald Trump n\u00e5got liknande.<\/p>\n<p>\u201dOm Hamas forts\u00e4tter d\u00f6da folk i Gaza, har vi inget annat val \u00e4n att g\u00e5 in och d\u00f6da dem\u201d, skrev han p\u00e5 Truth Social.\u00a0<\/p>\n<p>Trump: D\u00e5 \u00e5ker jag till Mellan\u00f6sternTror p\u00e5 fredsavtal \u2022 Planerar resa<\/p>\n","protected":false},"excerpt":{"rendered":"Hamas planerar attacker mot civilbefolkningen i Gaza, varnar USA:s utrikesdepartement. Det skulle, enligt USA, inneb\u00e4ra att avtalet om&hellip;\n","protected":false},"author":2,"featured_media":59497,"comment_status":"","ping_status":"","sticky":false,"template":"","format":"standard","meta":{"footnotes":""},"categories":[5],"tags":[22,23,26,27,17,21,24,25,56,28,29,15,1552,16,1806,18,34,55,31,33,32,30,19,60,20],"class_list":{"0":"post-59496","1":"post","2":"type-post","3":"status-publish","4":"format-standard","5":"has-post-thumbnail","7":"category-rubriker","8":"tag-breaking-news","9":"tag-breakingnews","10":"tag-featured-news","11":"tag-featurednews","12":"tag-headlines","13":"tag-huvudnyheter","14":"tag-latest-news","15":"tag-latestnews","16":"tag-location-gaza","17":"tag-main-news","18":"tag-mainnews","19":"tag-news","20":"tag-newsstory-kriget-mellan-hamas-och-israel","21":"tag-nyheter","22":"tag-organization-hamas","23":"tag-rubriker","24":"tag-se","25":"tag-sections-varlden","26":"tag-svenska","27":"tag-sverige","28":"tag-sweden","29":"tag-swedish","30":"tag-top-stories","31":"tag-topic-krig-konflikt","32":"tag-topstories"},"share_on_mastodon":{"url":"","error":""},"_links":{"self":[{"href":"https:\/\/www.europesays.com\/se\/wp-json\/wp\/v2\/posts\/59496","targetHints":{"allow":["GET"]}}],"collection":[{"href":"https:\/\/www.europesays.com\/se\/wp-json\/wp\/v2\/posts"}],"about":[{"href":"https:\/\/www.europesays.com\/se\/wp-json\/wp\/v2\/types\/post"}],"author":[{"embeddable":true,"href":"https:\/\/www.europesays.com\/se\/wp-json\/wp\/v2\/users\/2"}],"replies":[{"embeddable":true,"href":"https:\/\/www.europesays.com\/se\/wp-json\/wp\/v2\/comments?post=59496"}],"version-history":[{"count":0,"href":"https:\/\/www.europesays.com\/se\/wp-json\/wp\/v2\/posts\/59496\/revisions"}],"wp:featuredmedia":[{"embeddable":true,"href":"https:\/\/www.europesays.com\/se\/wp-json\/wp\/v2\/media\/59497"}],"wp:attachment":[{"href":"https:\/\/www.europesays.com\/se\/wp-json\/wp\/v2\/media?parent=59496"}],"wp:term":[{"taxonomy":"category","embeddable":true,"href":"https:\/\/www.europesays.com\/se\/wp-json\/wp\/v2\/categories?post=59496"},{"taxonomy":"post_tag","embeddable":true,"href":"https:\/\/www.europesays.com\/se\/wp-json\/wp\/v2\/tags?post=59496"}],"curies":[{"name":"wp","href":"https:\/\/api.w.org\/{rel}","templated":true}]}}