{"id":59555,"date":"2025-10-20T03:46:12","date_gmt":"2025-10-20T03:46:12","guid":{"rendered":"https:\/\/www.europesays.com\/se\/59555\/"},"modified":"2025-10-20T03:46:12","modified_gmt":"2025-10-20T03:46:12","slug":"brad-marchand-straffas-efter-att-ha-haft-sonder-dahlins-hjalm","status":"publish","type":"post","link":"https:\/\/www.europesays.com\/se\/59555\/","title":{"rendered":"Brad Marchand straffas \u2013 efter att ha haft s\u00f6nder Dahlins hj\u00e4lm"},"content":{"rendered":"<p><strong>Brad Marchand ilsknade till p\u00e5 Rasmus Dahlin \u2013 och slet s\u00f6nder hans hj\u00e4lm. Nu har NHL bestraffat Florida Panthers-veteranen f\u00f6r sitt tilltag.<\/strong><\/p>\n<p><img loading=\"lazy\" decoding=\"async\" width=\"1024\" height=\"658\" src=\"https:\/\/www.europesays.com\/se\/wp-content\/uploads\/2025\/10\/Marchand-Dahlin-hjalm-1024x658.webp.webp\" alt=\"Marchand Dahlins hj\u00e4lm\" class=\"wp-image-316023\"  \/>Brad Marchand b\u00f6tf\u00e4lls f\u00f6r att ha slitit s\u00f6nder Rasmus Dahlins hj\u00e4lm. <strong>Foto: <\/strong>AP Photo\/Seth Wenig<\/p>\n<p>P\u00e5 s\u00f6ndagen meddelade <a href=\"https:\/\/hockeysverige.se\/nhl\/\" rel=\"nofollow noopener\" target=\"_blank\">NHL<\/a>:s disciplinn\u00e4mnd att <a href=\"https:\/\/hockeysverige.se\/spelare\/brad-marchand\/\" rel=\"nofollow noopener\" target=\"_blank\">Brad Marchand<\/a> har b\u00f6tf\u00e4llts med 5 000 dollar \u2013 47 000 svenska kronor \u2013 f\u00f6r osportsligt upptr\u00e4dande mot <a href=\"https:\/\/hockeysverige.se\/spelare\/rasmus-dahlin\/\" rel=\"nofollow noopener\" target=\"_blank\">Rasmus Dahlin<\/a>.<\/p>\n<p><a href=\"https:\/\/hockeysverige.se\/nhl\/marchand-rasmus-dahlin-hjalm\/\" rel=\"nofollow noopener\" target=\"_blank\">Incidenten i fr\u00e5ga<\/a> intr\u00e4ffade under m\u00f6tet mellan de tv\u00e5 lagen p\u00e5 l\u00f6rdagen. Strax efter halva den andra perioden f\u00e4llde Dahlin Marchand bakifr\u00e5n i <a href=\"http:\/\/florida-panthers\" rel=\"nofollow\">Florida<\/a>s zon. Marchand, rasande \u00f6ver tilltaget och avsaknaden av utvisning, tog saken i egna h\u00e4nder. F\u00f6rst f\u00e4llde han <a href=\"https:\/\/hockeysverige.se\/klubb\/buffalo-sabres\/\" rel=\"nofollow noopener\" target=\"_blank\">Sabres<\/a> svenska lagkapten, innan han kastade sig \u00f6ver den intet ont anande spelaren och delade ut ett par slag.<\/p>\n<p>Men Marchand var inte f\u00e4rdig d\u00e4r. Kanadensaren slet d\u00e4refter av Dahlins hj\u00e4lm, bar den hela v\u00e4gen till utvisningsb\u00e5set, rev av remmarna p\u00e5 hj\u00e4lmen och kastade sedan tillbaka den ut p\u00e5 isen.<\/p>\n<p>Se incidenten i videospelaren!<\/p>\n<p>Marchand tilldelades fyra minuters utvisning f\u00f6r sitt agerande \u2013 tv\u00e5 minuter f\u00f6r interference och ytterligare tv\u00e5 f\u00f6r roughing. H\u00e4ndelsen var en del av en svag insats fr\u00e5n de regerande Stanley Cup-m\u00e4starna, d\u00e5 Panthers f\u00f6rlorade med 3\u20130.<\/p>\n<p>Brad Marchand har b\u00f6tf\u00e4llts m\u00e5nga g\u00e5nger tidigare<\/p>\n<p>Boten p\u00e5 5 000 dollar \u00e4r det h\u00f6gsta belopp som till\u00e5ts enligt kollektivavtalet. Pengarna g\u00e5r direkt till spelarnas n\u00f6dfond, Players\u2019 Emergency Assistance Fund.<\/p>\n<p>Detta \u00e4r givetvis inte f\u00f6rsta g\u00e5ngen den tv\u00e5faldige Stanley Cup-m\u00e4staren har f\u00e5tt disciplin\u00e4ra efterspel. Sedan sin f\u00f6rsta avst\u00e4ngning p\u00e5 tv\u00e5 matcher under s\u00e4songen 2010\/11 har Marchand st\u00e4ngts av \u00e5tta g\u00e5nger, d\u00e4ribland tv\u00e5 g\u00e5nger under s\u00e4songen 2021\/22. Han har dessutom b\u00f6tf\u00e4llts ytterligare sju g\u00e5nger. Senast han fick betala f\u00f6r sitt agerande var i februari 2023 som medlem i <a href=\"https:\/\/hockeysverige.se\/klubb\/boston-bruins\/\" rel=\"nofollow noopener\" target=\"_blank\">Boston Bruins<\/a>, d\u00e5 han b\u00f6tf\u00e4lldes med 5 000 dollar f\u00f6r en tripping p\u00e5 d\u00e5varande<a href=\"https:\/\/hockeysverige.se\/klubb\/seattle-kraken\/\" rel=\"nofollow noopener\" target=\"_blank\"> Seattle Kraken<\/a>-forwarden Oliver Bjorkstrand.<\/p>\n<p>Marchand \u00e4r inne p\u00e5 sin f\u00f6rsta s\u00e4song av det sex\u00e5rskontrakt han skrev med Florida i juni. Avtalet har en l\u00f6netakstr\u00e4ff p\u00e5 5,25 miljoner dollar per s\u00e4song och str\u00e4cker sig till och med s\u00e4songen 2029\/30. Han kom till The Sunshine State vid trade deadline i mars och var en viktig kugge i lagets andra raka Stanley Cup-titel, med tio m\u00e5l och 20 po\u00e4ng under slutspelet.<\/p>\n<p>Marchand f\u00e5r nu chansen att m\u00f6ta sitt tidigare lag n\u00e4r Panthers g\u00e4star Bruins p\u00e5 tisdag kv\u00e4ll.<\/p>\n","protected":false},"excerpt":{"rendered":"Brad Marchand ilsknade till p\u00e5 Rasmus Dahlin \u2013 och slet s\u00f6nder hans hj\u00e4lm. Nu har NHL bestraffat Florida&hellip;\n","protected":false},"author":2,"featured_media":59556,"comment_status":"","ping_status":"","sticky":false,"template":"","format":"standard","meta":{"footnotes":""},"categories":[5],"tags":[22,23,26,27,17,21,24,25,28,29,15,16,18,34,133,31,33,32,30,19,20],"class_list":{"0":"post-59555","1":"post","2":"type-post","3":"status-publish","4":"format-standard","5":"has-post-thumbnail","7":"category-rubriker","8":"tag-breaking-news","9":"tag-breakingnews","10":"tag-featured-news","11":"tag-featurednews","12":"tag-headlines","13":"tag-huvudnyheter","14":"tag-latest-news","15":"tag-latestnews","16":"tag-main-news","17":"tag-mainnews","18":"tag-news","19":"tag-nyheter","20":"tag-rubriker","21":"tag-se","22":"tag-second-news","23":"tag-svenska","24":"tag-sverige","25":"tag-sweden","26":"tag-swedish","27":"tag-top-stories","28":"tag-topstories"},"share_on_mastodon":{"url":"","error":""},"_links":{"self":[{"href":"https:\/\/www.europesays.com\/se\/wp-json\/wp\/v2\/posts\/59555","targetHints":{"allow":["GET"]}}],"collection":[{"href":"https:\/\/www.europesays.com\/se\/wp-json\/wp\/v2\/posts"}],"about":[{"href":"https:\/\/www.europesays.com\/se\/wp-json\/wp\/v2\/types\/post"}],"author":[{"embeddable":true,"href":"https:\/\/www.europesays.com\/se\/wp-json\/wp\/v2\/users\/2"}],"replies":[{"embeddable":true,"href":"https:\/\/www.europesays.com\/se\/wp-json\/wp\/v2\/comments?post=59555"}],"version-history":[{"count":0,"href":"https:\/\/www.europesays.com\/se\/wp-json\/wp\/v2\/posts\/59555\/revisions"}],"wp:featuredmedia":[{"embeddable":true,"href":"https:\/\/www.europesays.com\/se\/wp-json\/wp\/v2\/media\/59556"}],"wp:attachment":[{"href":"https:\/\/www.europesays.com\/se\/wp-json\/wp\/v2\/media?parent=59555"}],"wp:term":[{"taxonomy":"category","embeddable":true,"href":"https:\/\/www.europesays.com\/se\/wp-json\/wp\/v2\/categories?post=59555"},{"taxonomy":"post_tag","embeddable":true,"href":"https:\/\/www.europesays.com\/se\/wp-json\/wp\/v2\/tags?post=59555"}],"curies":[{"name":"wp","href":"https:\/\/api.w.org\/{rel}","templated":true}]}}