{"id":59572,"date":"2025-10-20T04:09:12","date_gmt":"2025-10-20T04:09:12","guid":{"rendered":"https:\/\/www.europesays.com\/se\/59572\/"},"modified":"2025-10-20T04:09:12","modified_gmt":"2025-10-20T04:09:12","slug":"jag-har-ju-fru-och-barn-dar-inne","status":"publish","type":"post","link":"https:\/\/www.europesays.com\/se\/59572\/","title":{"rendered":"\u201dJag har ju fru och barn d\u00e4r inne\u201d"},"content":{"rendered":"<p><a data-test-tag=\"internal-link\" href=\"https:\/\/www.aftonbladet.se\/av\/beri-zangana-2\" class=\"hyperion-css-13ns1rr\" rel=\"nofollow noopener\" target=\"\" aria-label=\"Se alla artiklar av Beri Zangana\"><img decoding=\"async\" class=\"image-asset hyperion-css-n6kkq1\" data-test-tag=\"image-asset\" src=\"https:\/\/www.europesays.com\/se\/wp-content\/uploads\/2025\/10\/1760933349_276_630b0789-508e-4426-ac0e-f0a3067c84f6\"  alt=\"\"  loading=\"lazy\" fetchpriority=\"auto\" style=\"aspect-ratio:1900 \/ 1900\"\/><\/a><\/p>\n<p class=\"boxtextgrotesk-root_baa6 hyperion-css-7pajle\">Publicerad 2025-10-19 20.07<\/p>\n<p>share-arrowDela<\/p>\n<p>unsaveSpara<\/p>\n<p>expand-left<\/p>\n<p>helsk\u00e4rm<img decoding=\"async\" class=\"image-asset hyperion-css-u06ts1\" data-test-tag=\"image-asset\" src=\"https:\/\/www.europesays.com\/se\/wp-content\/uploads\/2025\/10\/d69d4f5e-3ef7-4692-b395-a0122f1d9ad3\"  alt=\"Den misst\u00e4nkte 17-\u00e5ringen grips av polis.\"  loading=\"eager\" fetchpriority=\"high\" style=\"aspect-ratio:811 \/ 864\"\/>Den misst\u00e4nkte 17-\u00e5ringen grips av polis. Foto: Polisens F\u00f6runders\u00f6kning<\/p>\n<p class=\"hyperion-css-1shl3oz\" data-test-tag=\"lead-text\">Pojken \u00e5kte fr\u00e5n Sk\u00e5ne f\u00f6r ett morduppdrag i V\u00e4stsverige.<\/p>\n<p class=\"hyperion-css-1shl3oz\" data-test-tag=\"lead-text\">Han sk\u00f6t sex skott mot en barnfamilj \u2013 som agerade i n\u00f6dv\u00e4rn och sk\u00f6t tillbaka:<\/p>\n<p class=\"hyperion-css-1shl3oz\" data-test-tag=\"lead-text\">\u2013 Jag t\u00e4nker, jag m\u00e5ste g\u00f6ra n\u00e5got jag har ju fan barn och fru h\u00e4r inne, ber\u00e4ttar pappan i f\u00f6rh\u00f6r.<\/p>\n<p class=\"hyperion-css-1v9qo5x\">Natten mellan den 26 och 27 maj uppt\u00e4cker familjen att en ok\u00e4nd person st\u00e5r utanf\u00f6r deras hus i <a data-test-tag=\"internal-link\" href=\"https:\/\/www.aftonbladet.se\/lokala-nyheter\/grastorp\" class=\"hyperion-css-15jkft9\" rel=\"nofollow noopener\" target=\"\" aria-label=\"Gr\u00e4storp\">Gr\u00e4storp<\/a>. Mannen i familjen har vaknat av att n\u00e5gon knackat p\u00e5 familjens d\u00f6rr och g\u00e5r d\u00e5 ut p\u00e5 balkongen och ropar att personen ska l\u00e4mna.<\/p>\n<p class=\"hyperion-css-1v9qo5x\">Till en b\u00f6rjan tror familjen att det hela handlar om ett p\u00e5g\u00e5ende inbrott. Personen har bland annat sagt att han vill komma in och beh\u00f6ver hj\u00e4lp med att ringa ett samtal.<\/p>\n<p class=\"hyperion-css-1v9qo5x\">Familjen ringer genast polisen men d\u00e5 hinner sex skott avlossas och tre kulor g\u00e5r rakt in i huset. D\u00e4r inne befinner sig en kvinna och en man och deras 1,5 \u00e5r gamla barn. <\/p>\n<p class=\"hyperion-css-1v9qo5x\">\u2013 De skjuter mot oss, s\u00e4ger en kvinna i larmsamtalet till polisen, enligt f\u00f6runders\u00f6kningen.<\/p>\n<p class=\"hyperion-css-1v9qo5x\">Samtalet forts\u00e4tter:<\/p>\n<p class=\"hyperion-css-1v9qo5x\">\u2013\u00a0J\u00e4vlar, vad han skjuter.<\/p>\n<p class=\"hyperion-css-1v9qo5x\">\u2013\u00a0Fem. Fem, fem, fem. Han har skjutit fem. Herregud.<\/p>\n<p>expand-left<\/p>\n<p>helsk\u00e4rm<img decoding=\"async\" class=\"image-asset hyperion-css-u06ts1\" data-test-tag=\"image-asset\" src=\"https:\/\/www.europesays.com\/se\/wp-content\/uploads\/2025\/10\/f3ac8358-16c7-4bad-8fad-a83e06e0591b\"  alt=\"Den misst\u00e4nkte sk\u00f6t sex skott mot barnfamiljen. \"  loading=\"eager\" fetchpriority=\"high\" style=\"aspect-ratio:1152 \/ 925\"\/>Den misst\u00e4nkte sk\u00f6t sex skott mot barnfamiljen. Foto: Polisens F\u00f6runders\u00f6kning\u201dJag m\u00e5ste g\u00f6ra n\u00e5got\u201d<\/p>\n<p class=\"hyperion-css-1v9qo5x\">Samtidigt som samtalet med larmoperat\u00f6ren forts\u00e4tter tar mannen som bor i huset fram sitt hagelgev\u00e4r och skjuter mot 17-\u00e5ringen, som var 16 \u00e5r vid tillf\u00e4llet.<\/p>\n<p class=\"hyperion-css-1v9qo5x\">\u2013 Jag tr\u00e4ffade han i alla fall, s\u00e4ger mannen i larmsamtalet.<\/p>\n<p class=\"hyperion-css-1v9qo5x\">Mannen uppger i f\u00f6rh\u00f6r att n\u00e4r han tog fram gev\u00e4ret och riktade det mot pojken var det till en b\u00f6rjan f\u00f6r att skr\u00e4mma iv\u00e4g honom.<\/p>\n<p class=\"hyperion-css-1v9qo5x\">Under en rekonstruktion ber\u00e4ttar mannen om stunden n\u00e4r skotten avlossades och att han k\u00e4nde sig hotad.<\/p>\n<p class=\"hyperion-css-1v9qo5x\">\u2013 Samtidigt som han g\u00e5r h\u00e4r s\u00e5 st\u00e5r jag och siktar p\u00e5 honom i huvudet hela tiden. Och s\u00e5 sm\u00e4ller det en g\u00e5ng. Jag t\u00e4nker: jag m\u00e5ste g\u00f6ra n\u00e5got, jag har ju fan barn och fru h\u00e4r inne. Men s\u00e5 blir jag ocks\u00e5 os\u00e4ker med n\u00f6dv\u00e4rnslagen s\u00e5 jag v\u00e4ljer att skjuta l\u00e5gt, s\u00e4ger mannen i f\u00f6rh\u00f6r.<\/p>\n<p class=\"hyperion-css-1v9qo5x\">Han \u00e4r sj\u00e4lv inte misst\u00e4nkt i fallet och anses enligt utredningen ha agerat i n\u00f6dv\u00e4rn.<\/p>\n<p>expand-left<\/p>\n<p>helsk\u00e4rm<img decoding=\"async\" class=\"image-asset hyperion-css-u06ts1\" data-test-tag=\"image-asset\" src=\"https:\/\/www.europesays.com\/se\/wp-content\/uploads\/2025\/10\/e2c097ed-c895-4f60-a2d3-c8a01de31b93\"  alt=\"F\u00f6runders\u00f6kningen visar chattmeddelanden fr\u00e5n 17-\u00e5ringens telefon. D\u00e4r framg\u00e5r instruktioner som han fick inf\u00f6r uppdraget.\"  loading=\"eager\" fetchpriority=\"high\" style=\"aspect-ratio:1598 \/ 467\"\/>F\u00f6runders\u00f6kningen visar chattmeddelanden fr\u00e5n 17-\u00e5ringens telefon. D\u00e4r framg\u00e5r instruktioner som han fick inf\u00f6r uppdraget. Foto: Polisens F\u00f6runders\u00f6kning<\/p>\n<p class=\"hyperion-css-1v9qo5x\">Enligt \u00e5klagaren misst\u00e4nks 17-\u00e5ringen ha f\u00e5tt uppdraget att skjuta p\u00e5 uppdrag av g\u00e4ngkriminella via den krypterade kommunikationstj\u00e4nsten Signal.<\/p>\n<p class=\"hyperion-css-1v9qo5x\">I veckan \u00e5talades 17-\u00e5ringen misst\u00e4nkt f\u00f6r f\u00f6rs\u00f6k till mord, f\u00f6rberedelse till mord och grovt vapenbrott.<\/p>\n<p class=\"hyperion-css-1v9qo5x\">Pojken, som \u00e4r hemmah\u00f6rande i Sk\u00e5ne, ska ha \u00e5kt till V\u00e4stsverige f\u00f6r ett morduppdrag. Men bara kv\u00e4llen innan hade 17-\u00e5ringen rest med vapen via G\u00f6teborg till Bor\u00e5s. <\/p>\n<p>Kula tr\u00e4ffade barnets spj\u00e4ls\u00e4ng<\/p>\n<p class=\"hyperion-css-1v9qo5x\">Pojken tr\u00e4ffades i benet. I veckan \u00e5talades 17-\u00e5ringen misst\u00e4nkt f\u00f6r f\u00f6rs\u00f6k till mord, f\u00f6rberedelse till mord och grovt vapenbrott.<\/p>\n<p class=\"hyperion-css-1v9qo5x\">Pojken, som \u00e4r hemmah\u00f6rande i Sk\u00e5ne, ska ha \u00e5kt till V\u00e4stsverige f\u00f6r ett morduppdrag. Men bara kv\u00e4llen innan hade 17-\u00e5ringen rest med vapen via G\u00f6teborg till Bor\u00e5s. <\/p>\n<p class=\"hyperion-css-1v9qo5x\">Men vem som ligger bakom uppdraget har inte klarnat i utredningen.<\/p>\n<p class=\"hyperion-css-1v9qo5x\">\u2013\u00a0En kula har tr\u00e4ffat fasaden p\u00e5 huset \u00f6ver balkongen d\u00e4r en av de boende i huset befann sig vid skjutningen. Fyra kulor har g\u00e5tt in i huset, en genom k\u00f6ksf\u00f6nstret och tre genom den \u00f6ppna balkongd\u00f6rren, s\u00e4ger senior \u00e5klagare Sofia Karlsson i ett pressmeddelande.<\/p>\n<p class=\"hyperion-css-1v9qo5x\">Pojken \u00e4r \u00e4ven \u00e5talad f\u00f6r f\u00f6rberedelse till mord och grovt vapenbrott som intr\u00e4ffade i Bor\u00e5s dagen innan skottlossningen i Gr\u00e4storp.<\/p>\n<p>expand-left<\/p>\n<p>helsk\u00e4rm<img decoding=\"async\" class=\"image-asset hyperion-css-u06ts1\" data-test-tag=\"image-asset\" src=\"https:\/\/www.europesays.com\/se\/wp-content\/uploads\/2025\/10\/e041425f-4b80-42c8-956a-c87bf6881a24\"  alt=\"Ett av skotten gick rakt in i barnets spj\u00e4ls\u00e4ng.\"  loading=\"eager\" fetchpriority=\"high\" style=\"aspect-ratio:1751 \/ 1053\"\/>Ett av skotten gick rakt in i barnets spj\u00e4ls\u00e4ng. Foto: Polisens F\u00f6runders\u00f6kning<\/p>\n<p class=\"hyperion-css-1v9qo5x\">Peter Stierna \u00e4r m\u00e5ls\u00e4garbitr\u00e4de f\u00f6r familjen i Gr\u00e4storp. Han ber\u00e4ttar att familjen i dag m\u00e5r d\u00e5ligt av h\u00e4ndelsen. <a data-test-tag=\"internal-link\" href=\"https:\/\/www.aftonbladet.se\/nyheter\/a\/Rz7KwJ\/brand-i-villa-som-tidigare-beskots\" class=\"hyperion-css-15jkft9\" rel=\"nofollow noopener\" target=\"\" aria-label=\"Kort efter skjutningen utsattes de f\u00f6r ett brandattentat. \">Kort efter skjutningen utsattes de f\u00f6r ett brandattentat. <\/a>De lever \u00e4ven med skydd.<\/p>\n<p class=\"hyperion-css-1v9qo5x\">\u2013 De k\u00e4mpar med att f\u00f6rs\u00f6ka leva en s\u00e5 normal vardag som m\u00f6jligt, s\u00e4ger han.<\/p>\n<p class=\"hyperion-css-1v9qo5x\">N\u00e4r skotten gick in i villan tr\u00e4ffade de parets 1,5 \u00e5r gamla barns spj\u00e4ls\u00e4ng. <\/p>\n<p class=\"hyperion-css-1v9qo5x\">\u2013 Det var en chock f\u00f6r dem. De visste inte om det f\u00f6rr\u00e4n polisen ber\u00e4ttade. Barnet l\u00e5g inte i s\u00e4ngen n\u00e4r de intr\u00e4ffade men de b\u00f6rjar naturligtvis t\u00e4nka vad som skulle ha h\u00e4nt om barnet l\u00e5g i s\u00e4ngen. Det var k\u00e4nslosamt kan jag s\u00e4ga.<\/p>\n<p class=\"hyperion-css-1v9qo5x\">Jakob Sj\u00f6din \u00e4r pojkens f\u00f6rsvarsadvokat.<br \/>\u2013 Han har erk\u00e4nt grovt olaga hot och grovt vapenbrott avseende Gr\u00e4storp. Men i \u00f6vrigt f\u00f6rnekar han brott, s\u00e4ger pojkens f\u00f6rsvarsadvokat Jakob Sj\u00f6din.<\/p>\n","protected":false},"excerpt":{"rendered":"Publicerad 2025-10-19 20.07 share-arrowDela unsaveSpara expand-left helsk\u00e4rmDen misst\u00e4nkte 17-\u00e5ringen grips av polis. Foto: Polisens F\u00f6runders\u00f6kning Pojken \u00e5kte fr\u00e5n&hellip;\n","protected":false},"author":2,"featured_media":59573,"comment_status":"","ping_status":"","sticky":false,"template":"","format":"standard","meta":{"footnotes":""},"categories":[12],"tags":[22,23,26,27,17,21,24,25,28,29,15,16,18,34,31,33,32,30,19,20],"class_list":{"0":"post-59572","1":"post","2":"type-post","3":"status-publish","4":"format-standard","5":"has-post-thumbnail","7":"category-sverige","8":"tag-breaking-news","9":"tag-breakingnews","10":"tag-featured-news","11":"tag-featurednews","12":"tag-headlines","13":"tag-huvudnyheter","14":"tag-latest-news","15":"tag-latestnews","16":"tag-main-news","17":"tag-mainnews","18":"tag-news","19":"tag-nyheter","20":"tag-rubriker","21":"tag-se","22":"tag-svenska","23":"tag-sverige","24":"tag-sweden","25":"tag-swedish","26":"tag-top-stories","27":"tag-topstories"},"share_on_mastodon":{"url":"","error":""},"_links":{"self":[{"href":"https:\/\/www.europesays.com\/se\/wp-json\/wp\/v2\/posts\/59572","targetHints":{"allow":["GET"]}}],"collection":[{"href":"https:\/\/www.europesays.com\/se\/wp-json\/wp\/v2\/posts"}],"about":[{"href":"https:\/\/www.europesays.com\/se\/wp-json\/wp\/v2\/types\/post"}],"author":[{"embeddable":true,"href":"https:\/\/www.europesays.com\/se\/wp-json\/wp\/v2\/users\/2"}],"replies":[{"embeddable":true,"href":"https:\/\/www.europesays.com\/se\/wp-json\/wp\/v2\/comments?post=59572"}],"version-history":[{"count":0,"href":"https:\/\/www.europesays.com\/se\/wp-json\/wp\/v2\/posts\/59572\/revisions"}],"wp:featuredmedia":[{"embeddable":true,"href":"https:\/\/www.europesays.com\/se\/wp-json\/wp\/v2\/media\/59573"}],"wp:attachment":[{"href":"https:\/\/www.europesays.com\/se\/wp-json\/wp\/v2\/media?parent=59572"}],"wp:term":[{"taxonomy":"category","embeddable":true,"href":"https:\/\/www.europesays.com\/se\/wp-json\/wp\/v2\/categories?post=59572"},{"taxonomy":"post_tag","embeddable":true,"href":"https:\/\/www.europesays.com\/se\/wp-json\/wp\/v2\/tags?post=59572"}],"curies":[{"name":"wp","href":"https:\/\/api.w.org\/{rel}","templated":true}]}}