{"id":59590,"date":"2025-10-20T04:25:14","date_gmt":"2025-10-20T04:25:14","guid":{"rendered":"https:\/\/www.europesays.com\/se\/59590\/"},"modified":"2025-10-20T04:25:14","modified_gmt":"2025-10-20T04:25:14","slug":"leavitts-reporterhan-din-mamma-valde-budapest","status":"publish","type":"post","link":"https:\/\/www.europesays.com\/se\/59590\/","title":{"rendered":"Leavitts reporterh\u00e5n: \u201dDin mamma\u201d valde Budapest"},"content":{"rendered":"<p>Vita husets presstab tycks inte vilja ber\u00e4tta vem som f\u00f6reslog Ungerns huvudstad Budapest f\u00f6r ett kommande m\u00f6te mellan Donald Trump och Vladimir Putin. N\u00e4r den amerikanska n\u00e4ttidningen Huffington Post st\u00e4llde fr\u00e5gan p\u00e5 fredagen kom ett mycket kort svar fr\u00e5n pressekreterare Karoline Leavitt. <\/p>\n<p>\u201dDin mamma gjorde det.\u201d<\/p>\n<p>Samma svar kom fr\u00e5n kommunikationschefen Steven Cheung. Huffington Post f\u00f6ljde upp med att fr\u00e5ga Leavitt om hon tyckte svaret var kul. Pressekreteraren s\u00e5gade d\u00e5 journalisten, som hon kallar \u201dv\u00e4nsteraktivist\u201d. <\/p>\n<p>\u201dSluta skicka dina falska och partiska skitfr\u00e5gor.\u201d<\/p>\n<p>Omni \u00e4r politiskt obundna och oberoende. Vi str\u00e4var efter att ge fler perspektiv p\u00e5 nyheterna. Har du fr\u00e5gor eller synpunkter kring v\u00e5r rapportering? <a href=\"https:\/\/omni.se\/leavitts-reporterhan-din-mamma-valde-budapest\/a\/mailto:redaktion@omni.se\" class=\"ArticleActions_contactLink__W2F1M\" rel=\"nofollow noopener\" target=\"_blank\">Kontakta redaktionen<\/a><\/p>\n","protected":false},"excerpt":{"rendered":"Vita husets presstab tycks inte vilja ber\u00e4tta vem som f\u00f6reslog Ungerns huvudstad Budapest f\u00f6r ett kommande m\u00f6te mellan&hellip;\n","protected":false},"author":2,"featured_media":59591,"comment_status":"","ping_status":"","sticky":false,"template":"","format":"standard","meta":{"footnotes":""},"categories":[14],"tags":[22,23,385,26,27,17,21,24,25,28,29,15,16,18,264,34,31,33,32,30,19,20,386,263,1318,74,51,261,52,53,54],"class_list":{"0":"post-59590","1":"post","2":"type-post","3":"status-publish","4":"format-standard","5":"has-post-thumbnail","7":"category-varlden","8":"tag-breaking-news","9":"tag-breakingnews","10":"tag-donald-trump","11":"tag-featured-news","12":"tag-featurednews","13":"tag-headlines","14":"tag-huvudnyheter","15":"tag-latest-news","16":"tag-latestnews","17":"tag-main-news","18":"tag-mainnews","19":"tag-news","20":"tag-nyheter","21":"tag-rubriker","22":"tag-ryssland","23":"tag-se","24":"tag-svenska","25":"tag-sverige","26":"tag-sweden","27":"tag-swedish","28":"tag-top-stories","29":"tag-topstories","30":"tag-trumps-usa","31":"tag-ukraina","32":"tag-ungern","33":"tag-usa","34":"tag-varlden","35":"tag-vladimir-putin","36":"tag-world","37":"tag-world-news","38":"tag-worldnews"},"share_on_mastodon":{"url":"","error":""},"_links":{"self":[{"href":"https:\/\/www.europesays.com\/se\/wp-json\/wp\/v2\/posts\/59590","targetHints":{"allow":["GET"]}}],"collection":[{"href":"https:\/\/www.europesays.com\/se\/wp-json\/wp\/v2\/posts"}],"about":[{"href":"https:\/\/www.europesays.com\/se\/wp-json\/wp\/v2\/types\/post"}],"author":[{"embeddable":true,"href":"https:\/\/www.europesays.com\/se\/wp-json\/wp\/v2\/users\/2"}],"replies":[{"embeddable":true,"href":"https:\/\/www.europesays.com\/se\/wp-json\/wp\/v2\/comments?post=59590"}],"version-history":[{"count":0,"href":"https:\/\/www.europesays.com\/se\/wp-json\/wp\/v2\/posts\/59590\/revisions"}],"wp:featuredmedia":[{"embeddable":true,"href":"https:\/\/www.europesays.com\/se\/wp-json\/wp\/v2\/media\/59591"}],"wp:attachment":[{"href":"https:\/\/www.europesays.com\/se\/wp-json\/wp\/v2\/media?parent=59590"}],"wp:term":[{"taxonomy":"category","embeddable":true,"href":"https:\/\/www.europesays.com\/se\/wp-json\/wp\/v2\/categories?post=59590"},{"taxonomy":"post_tag","embeddable":true,"href":"https:\/\/www.europesays.com\/se\/wp-json\/wp\/v2\/tags?post=59590"}],"curies":[{"name":"wp","href":"https:\/\/api.w.org\/{rel}","templated":true}]}}