{"id":59594,"date":"2025-10-20T04:30:45","date_gmt":"2025-10-20T04:30:45","guid":{"rendered":"https:\/\/www.europesays.com\/se\/59594\/"},"modified":"2025-10-20T04:30:45","modified_gmt":"2025-10-20T04:30:45","slug":"alexandra-trottnade-pa-ekorrhjulet-lever-vanlife-pa-heltid","status":"publish","type":"post","link":"https:\/\/www.europesays.com\/se\/59594\/","title":{"rendered":"Alexandra tr\u00f6ttnade p\u00e5 ekorrhjulet \u2013 lever vanlife p\u00e5 heltid"},"content":{"rendered":"<p>Under l\u00f6rdagens Vimmerby Ber\u00e4ttar-festival med temat \u201den plats p\u00e5 jorden\u201d kliver Alexandra Landegren, 35, upp p\u00e5 scenen framf\u00f6r full publik. Vissa f\u00e5r till och med st\u00e5 upp. Stolarna r\u00e4cker inte till. Alexandras plats p\u00e5 jorden \u00e4r den gula campervanen, som \u00e4r hennes hem 365 dagar om \u00e5ret.<\/p>\n<p>\u2013 Andras f\u00f6rdomar var att vi hade en 30-\u00e5rskris. F\u00f6r oss \u00e4r vanlife ett verktyg till frihet, att kunna leva mer och ha mindre stress, s\u00e4ger Alexandra, som har bott i sin gula campervan i fem \u00e5r tillsammans med sin man.<\/p>\n<p><img decoding=\"async\" style=\"width: 100%; aspect-ratio: 16 \/ 9 auto;\" src=\"https:\/\/www.europesays.com\/se\/wp-content\/uploads\/2025\/10\/dda92453-619f-44f1-a347-0c321b9d61f4\" alt=\"F\u00f6rfattaren Alexandra Landegren var p\u00e5 biblioteket under Vimmerby Ber\u00e4ttar f\u00f6r att f\u00f6rel\u00e4sa om sin bok &quot;Dr\u00f6mmen om ett annat liv&quot;. F\u00f6r fem \u00e5r minskade hon sin bostadsyte fr\u00e5n 120 till \u00e5tta kvadratmeter. &quot;Det \u00e4r ett verktyg till frihet och att stressa mindre&quot;, s\u00e4ger hon.\" class=\"\" loading=\"lazy\" fetchpriority=\"auto\"\/><\/p>\n<p>F\u00f6rfattaren Alexandra Landegren var p\u00e5 biblioteket under Vimmerby Ber\u00e4ttar f\u00f6r att f\u00f6rel\u00e4sa om sin bok &#8221;Dr\u00f6mmen om ett annat liv&#8221;. F\u00f6r fem \u00e5r minskade hon sin bostadsyte fr\u00e5n 120 till \u00e5tta kvadratmeter. &#8221;Det \u00e4r ett verktyg till frihet och att stressa mindre&#8221;, s\u00e4ger hon.<\/p>\n<p>Foto: Lovisa Larsson Lamprecht<\/p>\n<p>Beslutet om att leva vanlife, som det kallas p\u00e5 sociala medier, v\u00e4xte fram redan 2018. Ber\u00e4ttelsen b\u00f6rjar d\u00e4r.<\/p>\n<p>Alexandra och hennes man bor i en l\u00e4genhet 120 kvadrat. Alexandra \u00e4r utbildad inom globala studier och jobbar som handl\u00e4ggare p\u00e5 en myndighet. Hon hade det liv som samh\u00e4llets normer anser \u00e4r r\u00e4tt.<\/p>\n<p>\u2013 Jag \u00e4r uppvuxen med vissa f\u00f6rv\u00e4ntningar om hur livet ska vara. Man ska utbilda sig, hitta ett v\u00e4lbetalt jobb. Man ska k\u00f6pa ett hus eller l\u00e4genhet, k\u00f6pa bil och skaffa barn. Men jag m\u00e5dde inte bra i det, och k\u00e4nde mig udda n\u00e4r jag inte klarade av det.\u00a0<\/p>\n<p><img decoding=\"async\" style=\"width: 100%; aspect-ratio: 16 \/ 9 auto;\" src=\"https:\/\/www.europesays.com\/se\/wp-content\/uploads\/2025\/10\/e0813576-33bc-4b72-99a2-d747b3ed508b\" alt=\"Genom sin bok vill hon f\u00f6rmedla att det finns andra s\u00e4tt att leva p\u00e5 \u00e4n genom det traditionella ekorrhjulet. &quot;Det \u00e4r inte dig det \u00e4r fel p\u00e5 och du beh\u00f6ver inte k\u00e4mpa h\u00e5rdare f\u00f6r att passa in&quot;, s\u00e4ger Alexandra Landegren.\" class=\"\" loading=\"lazy\" fetchpriority=\"auto\"\/><\/p>\n<p>Genom sin bok vill hon f\u00f6rmedla att det finns andra s\u00e4tt att leva p\u00e5 \u00e4n genom det traditionella ekorrhjulet. &#8221;Det \u00e4r inte dig det \u00e4r fel p\u00e5 och du beh\u00f6ver inte k\u00e4mpa h\u00e5rdare f\u00f6r att passa in&#8221;, s\u00e4ger Alexandra Landegren.<\/p>\n<p>Foto: Lovisa Larsson Lamprecht<\/p>\n<p>F\u00f6r Alexandra kom det till en punkt d\u00e4r hon kom hem fr\u00e5n jobbet och la sig p\u00e5 soffan och tittade p\u00e5 serier. Hennes man tog hand om hemmet och sysslorna.\u00a0<\/p>\n<p>\u2013 Till slut sa jag bara att jag inte orkar mer. Om livet ska vara s\u00e5 h\u00e4r s\u00e5 vill jag inte mer.\u00a0<\/p>\n<p>Id\u00e9n om att ge sig ut p\u00e5 v\u00e4garna och se nya platser f\u00f6ddes. De k\u00f6pte en sk\u00e5pbil som de skulle bygga om. Paret ans\u00f6kte om ett halv\u00e5rs tj\u00e4nstledighet, som skulle starta h\u00f6sten 2020. Mitt i den brinnande pandemin.\u00a0<\/p>\n<p>\u2013 Vi fick dra tillbaka v\u00e5ra tj\u00e4nstledigheter och forts\u00e4tta jobba. Men under denna period skulle \u00e4ven huset som hade v\u00e5r l\u00e4genhet i s\u00e4ljas. S\u00e5 vi funderade p\u00e5 om vi skulle skaffa en annan l\u00e4genhet eller bara bygga klart vanen.\u00a0<\/p>\n<p>En del av att kunna leva ett friare liv \u00e4r att kunna dra ner p\u00e5 sina kostnader, ber\u00e4ttar Alexandra. Det k\u00e4ndes d\u00e4rf\u00f6r inte v\u00e4rt att skaffa en ny l\u00e4genhet n\u00e4r de redan p\u00e5b\u00f6rjat byggnationen av deras campervan, som var p\u00e5 v\u00e4g att bli ett hem man kan bo i under alla \u00e5rstider.\u00a0<\/p>\n<p>\u2013 Vi best\u00e4mde oss att vi skulle bygga klart vanen. Det blev ju lite tidspress eftersom vi beh\u00f6vde flytta.<\/p>\n<p><img decoding=\"async\" style=\"width: 100%; aspect-ratio: 16 \/ 9 auto;\" src=\"https:\/\/www.europesays.com\/se\/wp-content\/uploads\/2025\/10\/0f312647-a4d1-47f6-832f-d1e926c46049\" alt=\"&quot;Visst kan det vara lite extra att t\u00e4nka p\u00e5 n\u00e4r det blir kallare v\u00e4der. Vi beh\u00f6ver se \u00f6ver ledningarna om det blir minusgrader och vi klarar oss inte p\u00e5 bara v\u00e5ra solceller n\u00e4r vi st\u00e5r still i Sverige. D\u00e4r vi st\u00e5r parkerade finns ett fast eln\u00e4t som vi kan koppla upp oss till&quot;.\" class=\"\" loading=\"lazy\" fetchpriority=\"auto\"\/><\/p>\n<p>&#8221;Visst kan det vara lite extra att t\u00e4nka p\u00e5 n\u00e4r det blir kallare v\u00e4der. Vi beh\u00f6ver se \u00f6ver ledningarna om det blir minusgrader och vi klarar oss inte p\u00e5 bara v\u00e5ra solceller n\u00e4r vi st\u00e5r still i Sverige. D\u00e4r vi st\u00e5r parkerade finns ett fast eln\u00e4t som vi kan koppla upp oss till&#8221;.<\/p>\n<p>Foto: Privat<\/p>\n<p>Med isolerade v\u00e4ggar, solceller som t\u00e4cker elf\u00f6rbrukningen och rinnande vatten flyttade Alexandra och hennes man in i sin campervan. Fr\u00e5n 120 kvadratmeter till \u00e5tta. De s\u00e5lde och gjorde sig av med de flesta saker de \u00e4gde. De sparade bara de mest anv\u00e4ndbara saker.<\/p>\n<p>\u2013 Vi hade ett rum som jag kallade f\u00f6r biblioteket. D\u00e4r fanns en soffa och bokhyllor, gardiner och krukor intill f\u00f6nstren. Vi var aldrig i det rummet, mer \u00e4n n\u00e4r vi vattnade blommorna.\u00a0<\/p>\n<p><strong>Fanns det ingenting som du k\u00e4nde att det var lite jobbigt att g\u00f6ra dig av med?<\/strong><\/p>\n<p>\u2013 Nej, jag k\u00e4nde snarare en fysisk l\u00e4ttnad att bli av med. Varje sak hade kostat mig pengar och tagit upp plats. Men det gjorde mig inte lycklig.\u00a0<\/p>\n<p><img decoding=\"async\" style=\"width: 100%; aspect-ratio: 16 \/ 9 auto;\" src=\"https:\/\/www.europesays.com\/se\/wp-content\/uploads\/2025\/10\/f8bc4549-f4f4-4e8f-8c7d-217faed8b421\" alt=\"F\u00f6r att f\u00f6rs\u00f6ka \u00e5terge proportionerna g\u00e5r Alexandra in i badrummet.\" class=\"\" loading=\"lazy\" fetchpriority=\"auto\"\/><\/p>\n<p>F\u00f6r att f\u00f6rs\u00f6ka \u00e5terge proportionerna g\u00e5r Alexandra in i badrummet.<\/p>\n<p>Foto: Privat<\/p>\n<p>Alexandra och hennes man jobbade kvar p\u00e5 sina jobb och bodde i den parkerade campervanen fram tills att pandemin var f\u00f6rbi. De ans\u00f6kte om tj\u00e4nstledighet igen f\u00f6r att kunna ta sig ut p\u00e5 v\u00e4garna, men Alexandras ans\u00f6kan avslogs.\u00a0<\/p>\n<p>\u2013 D\u00e5 sa jag upp mig. Vi hade sparat s\u00e5 mycket pengar under tiden som vi jobbat och bott i vanen att vi hade r\u00e5d att leva p\u00e5 de pengarna i flera \u00e5r om vi ville.<\/p>\n<p><img decoding=\"async\" style=\"width: 100%; aspect-ratio: 16 \/ 9 auto;\" src=\"https:\/\/www.europesays.com\/se\/wp-content\/uploads\/2025\/10\/64f7e3cc-17ed-47f1-83b8-ebce0dc67d4c\" alt=\"Alexandra Landegren, f\u00f6rfattare\" class=\"\" loading=\"lazy\" fetchpriority=\"auto\"\/><\/p>\n<p>Alexandra Landegren, f\u00f6rfattare<\/p>\n<p>Foto: Privat<\/p>\n<p>Fyra \u00e5r har g\u00e5tt sedan Alexandra sa upp sig fr\u00e5n ett tryggt jobb p\u00e5 en statlig myndighet, n\u00e5got som i allm\u00e4nhetens \u00f6gon tyckts vara ett os\u00e4kert val. Speciellt ur ett ekonomiskt perspektiv.<\/p>\n<p>\u2013 Idag har vi ungef\u00e4r 10\u00a0000 kronor i utgifter gemensamt, beroende p\u00e5 hur mycket vi \u00e4r ute p\u00e5 v\u00e4garna. Vi \u00e4ger v\u00e5rt boende och har solceller som f\u00f6rser oss med el.<\/p>\n<p>Boken som Alexandra f\u00f6rel\u00e4ser om p\u00e5 scenen under Vimmerby Ber\u00e4ttar handlar om att ge perspektiv p\u00e5 livet. Att det finns olika s\u00e4tt att leva p\u00e5.\u00a0<\/p>\n<p>\u2013 Vi lever i ett konsumtionssamh\u00e4lle d\u00e4r vi blir matade med att vi m\u00e5ste handla massa grejer. Vi har allt vi beh\u00f6ver p\u00e5 v\u00e5ra \u00e5tta kvadrat. Vi \u00e4r tv\u00e5 personer, vi har d\u00e4rf\u00f6r tv\u00e5 par bestick, tv\u00e5 sk\u00e5lar och s\u00e5 vidare.<\/p>\n<p><img decoding=\"async\" style=\"width: 100%; aspect-ratio: 16 \/ 9 auto;\" src=\"https:\/\/www.europesays.com\/se\/wp-content\/uploads\/2025\/10\/428a3f8e-7f0c-490e-a70e-c573608110a7\" alt=\"Endast det n\u00f6dv\u00e4ndigaste f\u00e5r plats i campervanen, d\u00e4ribland b\u00f6cker. &quot;Jag har alltid \u00e4lskat b\u00f6cker och att skriva, s\u00e5 jag fick ett eget boksk\u00e5p i bilen&quot;, s\u00e4ger hon.\" class=\"\" loading=\"lazy\" fetchpriority=\"auto\"\/><\/p>\n<p>Endast det n\u00f6dv\u00e4ndigaste f\u00e5r plats i campervanen, d\u00e4ribland b\u00f6cker. &#8221;Jag har alltid \u00e4lskat b\u00f6cker och att skriva, s\u00e5 jag fick ett eget boksk\u00e5p i bilen&#8221;, s\u00e4ger hon.<\/p>\n<p>Foto: Privat<\/p>\n<p>Ibland m\u00f6ts hon av negativa kommentarer. Alexandra menar att vissa personer kan ta hennes s\u00e4tt att leva som kritik. D\u00e4remot \u00e4r det ofta m\u00e4nniskor som k\u00e4nner igen sig i att inte passa in i samh\u00e4llets normer.<\/p>\n<p>\u2013 Man beh\u00f6ver inte k\u00e4mpa lite h\u00e5rdare f\u00f6r att passa i och man \u00e4r inte ensam att k\u00e4nna sig fast i det vi kallar ekorrhjulet. Jag menar inte att alla ska leva vanlife. Det finns s\u00e5 m\u00e5nga olika s\u00e4tt att leva p\u00e5. Vissa kanske flyttar ut p\u00e5 landet och blir sj\u00e4lvf\u00f6rs\u00f6rjande.\u00a0<\/p>\n<p>Alexandra menar att vanliga fr\u00e5gor som m\u00e4nniskor \u00e4r nyfikna p\u00e5 \u00e4r vad man heter, hur gammal man \u00e4r och var man bor. Att bo i en campervan g\u00f6r den sista fr\u00e5gan speciell att svara p\u00e5.\u00a0<\/p>\n<p>\u2013 Mitt hem \u00e4r d\u00e4r vanen \u00e4r. \u00c4r vi i Norge, d\u00e5 bor jag i Norge. F\u00f6r oss \u00e4r det inte en semester, f\u00f6r vi har v\u00e5rt hem med oss.\u00a0<\/p>\n<p><img decoding=\"async\" style=\"width: 100%; aspect-ratio: 16 \/ 9 auto;\" src=\"https:\/\/www.europesays.com\/se\/wp-content\/uploads\/2025\/10\/dfeaf90b-393b-4849-a629-c71595215ebd\" alt=\"Frukost med utsikt \u00f6ver Norges marker. &quot;Min favoritplats \u00e4r sitsen precis vid d\u00f6rren. I v\u00e5rt hem kan vi dra upp skjutd\u00f6rren och l\u00e5ta gr\u00e4nserna mellan ute och inne suddas ut&quot;.\" class=\"\" loading=\"lazy\" fetchpriority=\"auto\"\/><\/p>\n<p>Frukost med utsikt \u00f6ver Norges marker. &#8221;Min favoritplats \u00e4r sitsen precis vid d\u00f6rren. I v\u00e5rt hem kan vi dra upp skjutd\u00f6rren och l\u00e5ta gr\u00e4nserna mellan ute och inne suddas ut&#8221;.<\/p>\n<p>Foto: Privat<\/p>\n<p>Alexandra Landegren och hennes man har bott p\u00e5 \u00e5tta kvadratmeter i fem \u00e5r. Sedan ett och ett halvt \u00e5r st\u00e5r de parkerade i J\u00f6nk\u00f6ping. N\u00e5gon g\u00e5ng vill de skaffa ett fast boende, kanske ett s\u00e5 kallat Tiny house, som ofta \u00e4r minimalistiskt och energieffektivt. Alexandras man har ett jobb som han \u00e5ker till varje dag. Alexandra jobbar i bokhandel och forts\u00e4tter samtidigt att skriva fler b\u00f6cker. \u00a0<\/p>\n<p>\u2013 Jag har alltid \u00e4lskat att skriva. Tack vare att vi flyttade ut i v\u00e5r campervan och jag skrev min f\u00f6rsta bok har jag f\u00e5tt bokkontrakt p\u00e5 tv\u00e5 sk\u00f6nlitter\u00e4ra b\u00f6cker.<\/p>\n<p><strong>Kan man s\u00e4ga att du lever din dr\u00f6m?\u00a0<\/strong><\/p>\n<p>\u2013 Verkligen! Det \u00e4r ett litet hem, men ett v\u00e4ldigt stort liv. F\u00f6r vi har hela v\u00e4rlden som v\u00e5r bakg\u00e5rd.<\/p>\n","protected":false},"excerpt":{"rendered":"Under l\u00f6rdagens Vimmerby Ber\u00e4ttar-festival med temat \u201den plats p\u00e5 jorden\u201d kliver Alexandra Landegren, 35, upp p\u00e5 scenen framf\u00f6r&hellip;\n","protected":false},"author":2,"featured_media":59595,"comment_status":"","ping_status":"","sticky":false,"template":"","format":"standard","meta":{"footnotes":""},"categories":[67],"tags":[104,34,31,33,32,30,105],"class_list":{"0":"post-59594","1":"post","2":"type-post","3":"status-publish","4":"format-standard","5":"has-post-thumbnail","7":"category-underhallning","8":"tag-entertainment","9":"tag-se","10":"tag-svenska","11":"tag-sverige","12":"tag-sweden","13":"tag-swedish","14":"tag-underhallning"},"share_on_mastodon":{"url":"","error":""},"_links":{"self":[{"href":"https:\/\/www.europesays.com\/se\/wp-json\/wp\/v2\/posts\/59594","targetHints":{"allow":["GET"]}}],"collection":[{"href":"https:\/\/www.europesays.com\/se\/wp-json\/wp\/v2\/posts"}],"about":[{"href":"https:\/\/www.europesays.com\/se\/wp-json\/wp\/v2\/types\/post"}],"author":[{"embeddable":true,"href":"https:\/\/www.europesays.com\/se\/wp-json\/wp\/v2\/users\/2"}],"replies":[{"embeddable":true,"href":"https:\/\/www.europesays.com\/se\/wp-json\/wp\/v2\/comments?post=59594"}],"version-history":[{"count":0,"href":"https:\/\/www.europesays.com\/se\/wp-json\/wp\/v2\/posts\/59594\/revisions"}],"wp:featuredmedia":[{"embeddable":true,"href":"https:\/\/www.europesays.com\/se\/wp-json\/wp\/v2\/media\/59595"}],"wp:attachment":[{"href":"https:\/\/www.europesays.com\/se\/wp-json\/wp\/v2\/media?parent=59594"}],"wp:term":[{"taxonomy":"category","embeddable":true,"href":"https:\/\/www.europesays.com\/se\/wp-json\/wp\/v2\/categories?post=59594"},{"taxonomy":"post_tag","embeddable":true,"href":"https:\/\/www.europesays.com\/se\/wp-json\/wp\/v2\/tags?post=59594"}],"curies":[{"name":"wp","href":"https:\/\/api.w.org\/{rel}","templated":true}]}}