{"id":59630,"date":"2025-10-20T05:02:13","date_gmt":"2025-10-20T05:02:13","guid":{"rendered":"https:\/\/www.europesays.com\/se\/59630\/"},"modified":"2025-10-20T05:02:13","modified_gmt":"2025-10-20T05:02:13","slug":"zara-larssons-ord-om-karlekslivet-kar-i-vannens-pojkvan","status":"publish","type":"post","link":"https:\/\/www.europesays.com\/se\/59630\/","title":{"rendered":"Zara Larssons ord om k\u00e4rlekslivet\n\u2013 k\u00e4r i v\u00e4nnens pojkv\u00e4n"},"content":{"rendered":"<p>Publicerad 20 okt 2025 kl 06.30<\/p>\n<p>Har du n\u00e5gonsin f\u00e5tt k\u00e4nslor f\u00f6r en v\u00e4ns partner?<\/p>\n<p>Det har Zara Larsson \u2013 och det \u00e4r just vad nya l\u00e5ten \u201dGirl&#8217;s girl\u201d handlar om.\u00a0<\/p>\n<p>\u2013 Det slutade v\u00e4ldigt d\u00e5ligt, s\u00e4ger hon i en intervju med <a href=\"https:\/\/www.youtube.com\/watch?v=LMxxjVIAcgo\" rel=\"nofollow noopener\" target=\"_blank\">Zach Sang.<\/a><\/p>\n<p>Senaste klippen fr\u00e5n Expressen inom n\u00f6je.<img   alt=\"\"\/><\/p>\n<p>Zara Larsson har just avslutat en turn\u00e9 d\u00e4r hon varit f\u00f6rband till Tate Mcrae.<\/p>\n<p>Foto: CROSSICK\/SHUTTERSTOCK FOR GLOBAL \/ SHUTTERSTOCK EDITORIAL\/IBL<\/p>\n<p>\u00d6ppna bild i helsk\u00e4rm<img loading=\"lazy\"   alt=\"\"\/><\/p>\n<p>Zara Larsson och pojkv\u00e4nnen Lamin Holm\u00e9n.<\/p>\n<p>Foto: CHARLOTTE BRUNZELL \/ STELLA PICTURES<\/p>\n<p>\u00d6ppna bild i helsk\u00e4rm<img loading=\"lazy\"   alt=\"\"\/><\/p>\n<p>Zara Larsson ber\u00e4ttar om nya albumet \u201dMidnight sun\u201d hos Zach Sang Show.<\/p>\n<p>Foto: Youtube<\/p>\n<p>\u00d6ppna bild i helsk\u00e4rm<\/p>\n<p>Zara Larsson, 27, har just avslutat turn\u00e9n tillsammans med Tate Mcrae, lanserat det egna kl\u00e4dm\u00e4rket Main Rose och sl\u00e4ppt nya albumet \u201dMidnight sun\u201d. N\u00e4r den svenska v\u00e4rldsstj\u00e4rnan g\u00e4star <a href=\"https:\/\/www.youtube.com\/watch?v=LMxxjVIAcgo\" rel=\"nofollow noopener\" target=\"_blank\">Zach Sangs intervjuserie<\/a> p\u00e5 Youtube grottar de ner sig i l\u00e5tarna p\u00e5 den nya skivan.<\/p>\n<p>Larsson ber\u00e4ttar bland annat om historien bakom l\u00e5ten \u201dGirl&#8217;s girl\u201d, en l\u00e5t som inspirerats av en h\u00e4ndelse fr\u00e5n hennes eget liv \u2013\u00a0d\u00e5 hon fick k\u00e4nslor f\u00f6r sin v\u00e4ns pojkv\u00e4n.<\/p>\n<p>\u2013 Det handlar om ett dilemma och jag tycker att det \u00e4r intressant. Jag tror att jag har till\u00e5tit mig sj\u00e4lv att prata mer om saker som \u00e4r lite \u201dOh, du kan inte s\u00e4ga det d\u00e4r. S\u00e5 borde du inte k\u00e4nna\u201d, s\u00e4ger Larsson i intervjun. \u00a0<\/p>\n<p>\u201dDet slutade v\u00e4ldigt d\u00e5ligt\u201d<\/p>\n<p>Vidare konstaterar <a href=\"https:\/\/www.expressen.se\/tagg\/person\/zara-larsson\/\" class=\"\" rel=\"nofollow noopener\" target=\"_blank\">Zara Larsson<\/a> att hon, n\u00e4r hon utvecklade de f\u00f6rbjudna k\u00e4nslorna, var 16\u201317 \u00e5r gammal. Hon \u00f6nskade d\u00e5 att hon inte k\u00e4nde som hon gjorde.\u00a0<\/p>\n<p>\u2013 Men jag antar att hj\u00e4rtat vill ha vad hj\u00e4rtat vill ha och man kan f\u00f6rs\u00f6ka vara rationell och stoppa sig sj\u00e4lv, inget beh\u00f6ver s\u00e5 klart h\u00e4nda, men att g\u00e5 runt med de k\u00e4nslorna \u00e4r ganska tungt och det g\u00f6r mycket med en. Men det \u00e4r ocks\u00e5 lite sp\u00e4nnande att \u201dOh, jag har en crush\u201d, s\u00e4ger hon.\u00a0<\/p>\n<p>Det framkommer till slut att Larsson faktiskt valde att agera p\u00e5 sina k\u00e4nslor, trots att v\u00e4nnen och hennes pojkv\u00e4n fortfarande var ett par. Det \u00e4r n\u00e5got som hon \u00e5ngrar i dag.<\/p>\n<p>\u2013 Det slutade v\u00e4ldigt d\u00e5ligt, s\u00e4ger hon och skrattar.\u00a0<\/p>\n<p>\u2013 Jag var en v\u00e4ldigt d\u00e5lig v\u00e4n, s\u00e4ger hon senare med en allvarlig ton.<\/p>\n","protected":false},"excerpt":{"rendered":"Publicerad 20 okt 2025 kl 06.30 Har du n\u00e5gonsin f\u00e5tt k\u00e4nslor f\u00f6r en v\u00e4ns partner? Det har Zara&hellip;\n","protected":false},"author":2,"featured_media":59631,"comment_status":"","ping_status":"","sticky":false,"template":"","format":"standard","meta":{"footnotes":""},"categories":[67],"tags":[104,4086,34,775,31,33,32,30,402,310,547,105],"class_list":{"0":"post-59630","1":"post","2":"type-post","3":"status-publish","4":"format-standard","5":"has-post-thumbnail","7":"category-underhallning","8":"tag-entertainment","9":"tag-person-zara-larsson","10":"tag-se","11":"tag-sections-musik","12":"tag-svenska","13":"tag-sverige","14":"tag-sweden","15":"tag-swedish","16":"tag-topic-artister","17":"tag-topic-kandisar","18":"tag-topic-karlek-relationer","19":"tag-underhallning"},"share_on_mastodon":{"url":"","error":""},"_links":{"self":[{"href":"https:\/\/www.europesays.com\/se\/wp-json\/wp\/v2\/posts\/59630","targetHints":{"allow":["GET"]}}],"collection":[{"href":"https:\/\/www.europesays.com\/se\/wp-json\/wp\/v2\/posts"}],"about":[{"href":"https:\/\/www.europesays.com\/se\/wp-json\/wp\/v2\/types\/post"}],"author":[{"embeddable":true,"href":"https:\/\/www.europesays.com\/se\/wp-json\/wp\/v2\/users\/2"}],"replies":[{"embeddable":true,"href":"https:\/\/www.europesays.com\/se\/wp-json\/wp\/v2\/comments?post=59630"}],"version-history":[{"count":0,"href":"https:\/\/www.europesays.com\/se\/wp-json\/wp\/v2\/posts\/59630\/revisions"}],"wp:featuredmedia":[{"embeddable":true,"href":"https:\/\/www.europesays.com\/se\/wp-json\/wp\/v2\/media\/59631"}],"wp:attachment":[{"href":"https:\/\/www.europesays.com\/se\/wp-json\/wp\/v2\/media?parent=59630"}],"wp:term":[{"taxonomy":"category","embeddable":true,"href":"https:\/\/www.europesays.com\/se\/wp-json\/wp\/v2\/categories?post=59630"},{"taxonomy":"post_tag","embeddable":true,"href":"https:\/\/www.europesays.com\/se\/wp-json\/wp\/v2\/tags?post=59630"}],"curies":[{"name":"wp","href":"https:\/\/api.w.org\/{rel}","templated":true}]}}