{"id":59713,"date":"2025-10-20T06:42:09","date_gmt":"2025-10-20T06:42:09","guid":{"rendered":"https:\/\/www.europesays.com\/se\/59713\/"},"modified":"2025-10-20T06:42:09","modified_gmt":"2025-10-20T06:42:09","slug":"nu-kommer-kalle-anka-till-gotene-billiga-tomter-lockar-farbror-joakim-till-skaraborg","status":"publish","type":"post","link":"https:\/\/www.europesays.com\/se\/59713\/","title":{"rendered":"Nu kommer Kalle Anka till G\u00f6tene \u2013 billiga tomter lockar Farbror Joakim till Skaraborg&#8230;"},"content":{"rendered":"<p class=\"mb-4 mx-auto max-w-xl\"><strong>Varje \u00e5r f\u00e5r Kalle Anka-l\u00e4sarna r\u00f6sta fram en ort som ska st\u00e5 v\u00e4rd f\u00f6r ett \u00e4ventyr p\u00e5 svensk mark. <\/strong><\/p>\n<p class=\"mb-4 mx-auto max-w-xl\"><strong>Efter bes\u00f6k i bland annat \u00d6stersund, Lund och Karlskrona \u00e4r det nu G\u00f6tenes tur.<\/strong><\/p>\n<p class=\"break-words mb-4 mx-auto max-w-xl\">Bakgrunden \u00e4r G\u00f6tene kommuns initiativ fr\u00e5n f\u00f6rra \u00e5ret, d\u00e5 kommunen lanserade en bostadskampanj genom att erbjuda str\u00f6tomter i kommunen f\u00f6r endast en krona kvadratmetern.<\/p>\n<p class=\"break-words mb-4 mx-auto max-w-xl\">Kampanjen v\u00e4ckte enorm uppm\u00e4rksamhet, \u00e4ven internationellt, och ledde till att Kalle Ankas l\u00e4sare lade flest r\u00f6ster p\u00e5 G\u00f6tene.<\/p>\n<p>\u201dStorslaget \u00e4ventyr\u201d<\/p>\n<p class=\"break-words mb-4 mx-auto max-w-xl\">I det nya numret av Kalle Anka &amp; C:o \u00e4r det v\u00e4rldens mest k\u00e4nda anka som packar v\u00e4skorna och tar med sig Knattarna till G\u00f6tene. \u201dFarbror Joakim, som aldrig missar en bra aff\u00e4r, \u00e4r f\u00f6rst\u00e5s inte l\u00e5ngt efter. K\u00f6pet blir startskottet f\u00f6r ett storslaget \u00e4ventyr i och kring G\u00f6tene\u201d, skriver Story House Egmont, som ger ut Kalle Anka, i ett pressmeddelande.<\/p>\n<p><img alt=\"Omslaget till veckans nummer av Kalle Anka &amp; Co.\" src=\"data:image\/gif;base64,R0lGODlhAQABAIAAAAAAAP\/\/\/yH5BAEAAAAALAAAAAABAAEAAAIBRAA7\" decoding=\"async\" data-nimg=\"responsive\" class=\"\" style=\"position:absolute;top:0;left:0;bottom:0;right:0;box-sizing:border-box;padding:0;border:none;margin:auto;display:block;width:0;height:0;min-width:100%;max-width:100%;min-height:100%;max-height:100%\"\/><\/p>\n<p>Omslaget till veckans nummer av Kalle Anka &amp; Co. Foto: Disney<\/p>\n<p class=\"break-words mb-4 mx-auto max-w-xl\">\u2013 G\u00f6tene kommun lyckades p\u00e5 ett imponerande vis engagera sina inv\u00e5nare och dessutom m\u00e5nga utanf\u00f6r kommungr\u00e4nsen. Vi hoppas att G\u00f6teneborna kommer att uppskatta serien och den ankeborgska tappningen av hembygden, s\u00e4ger Anna Bergstr\u00f6m, projektledare f\u00f6r Kalle Anka &amp; C:o, i pressmeddelandet.<\/p>\n<p class=\"break-words mb-4 mx-auto max-w-xl\">I serien Sp\u00f6kena i G\u00f6tene lockas Kalle av ett erbjudande om billiga tomter och tar med sig familjen till Skaraborg. <\/p>\n<p><img alt=\"Kajsa och Kalle uppt\u00e4cker bland annat Lasses grotta under \u00e4ventyret i G\u00f6tene.\" src=\"data:image\/gif;base64,R0lGODlhAQABAIAAAAAAAP\/\/\/yH5BAEAAAAALAAAAAABAAEAAAIBRAA7\" decoding=\"async\" data-nimg=\"responsive\" class=\"\" style=\"position:absolute;top:0;left:0;bottom:0;right:0;box-sizing:border-box;padding:0;border:none;margin:auto;display:block;width:0;height:0;min-width:100%;max-width:100%;min-height:100%;max-height:100%\"\/><\/p>\n<p>Kajsa och Kalle uppt\u00e4cker bland annat Lasses grotta under \u00e4ventyret i G\u00f6tene. Foto: Disney<\/p>\n<p class=\"break-words mb-4 mx-auto max-w-xl\">D\u00e4r v\u00e4ntar b\u00e5de aff\u00e4rsm\u00f6jligheter och ov\u00e4ntade uppt\u00e4ckter \u2013 fr\u00e5n ostfabriker och vikingaskepp till \u201dLasses grotta\u201d och en handfull (mer eller mindre) sp\u00f6klika \u00f6verraskningar, skriver Story House Egmont, och ber\u00e4ttar att redaktionen har \u00e4ven tagit fram en specialkarta \u00f6ver \u201dG\u00f6kene\u201d, d\u00e4r platser och landm\u00e4rken i kommunen har f\u00e5tt nya namn p\u00e5 ankeborgska.<\/p>\n<p>Sl\u00e4pps p\u00e5 onsdag<\/p>\n<p class=\"break-words mb-4 mx-auto max-w-xl\">Det nya numret sl\u00e4pps i butik p\u00e5 onsdag.<\/p>\n<p class=\"break-words mb-4 mx-auto max-w-xl\">\u2013 Vi \u00e4r stolta \u00f6ver att lilla G\u00f6tene f\u00e5r bli en del av denna exklusiva skara av platser som Kalle bes\u00f6kt. Vi \u00e4r s\u00e5 tacksamma f\u00f6r alla G\u00f6tene-fans som hj\u00e4lpte oss fram till den h\u00e4r segern, s\u00e4ger kommunalr\u00e5det Johan M\u00e5nsson i pressmeddelandet.<\/p>\n<p class=\"break-words mb-4 mx-auto max-w-xl\">Under den kommande veckan kommer det m\u00e4rkas p\u00e5 flera s\u00e4tt att Kalle Anka bes\u00f6ker G\u00f6tene. Bland annat blir det en workshop f\u00f6r barn med Kalle Anka-tecknaren Arild Midthun, ett samtal mellan medieprofilen Clas Svahn och ankoraklet Stefan Di\u00f6s, sagol\u00e4sning samt biovisning av klassiska Kalle-filmer. <\/p>\n","protected":false},"excerpt":{"rendered":"Varje \u00e5r f\u00e5r Kalle Anka-l\u00e4sarna r\u00f6sta fram en ort som ska st\u00e5 v\u00e4rd f\u00f6r ett \u00e4ventyr p\u00e5 svensk&hellip;\n","protected":false},"author":2,"featured_media":59714,"comment_status":"","ping_status":"","sticky":false,"template":"","format":"standard","meta":{"footnotes":""},"categories":[67],"tags":[104,34,31,33,32,30,105],"class_list":{"0":"post-59713","1":"post","2":"type-post","3":"status-publish","4":"format-standard","5":"has-post-thumbnail","7":"category-underhallning","8":"tag-entertainment","9":"tag-se","10":"tag-svenska","11":"tag-sverige","12":"tag-sweden","13":"tag-swedish","14":"tag-underhallning"},"share_on_mastodon":{"url":"","error":""},"_links":{"self":[{"href":"https:\/\/www.europesays.com\/se\/wp-json\/wp\/v2\/posts\/59713","targetHints":{"allow":["GET"]}}],"collection":[{"href":"https:\/\/www.europesays.com\/se\/wp-json\/wp\/v2\/posts"}],"about":[{"href":"https:\/\/www.europesays.com\/se\/wp-json\/wp\/v2\/types\/post"}],"author":[{"embeddable":true,"href":"https:\/\/www.europesays.com\/se\/wp-json\/wp\/v2\/users\/2"}],"replies":[{"embeddable":true,"href":"https:\/\/www.europesays.com\/se\/wp-json\/wp\/v2\/comments?post=59713"}],"version-history":[{"count":0,"href":"https:\/\/www.europesays.com\/se\/wp-json\/wp\/v2\/posts\/59713\/revisions"}],"wp:featuredmedia":[{"embeddable":true,"href":"https:\/\/www.europesays.com\/se\/wp-json\/wp\/v2\/media\/59714"}],"wp:attachment":[{"href":"https:\/\/www.europesays.com\/se\/wp-json\/wp\/v2\/media?parent=59713"}],"wp:term":[{"taxonomy":"category","embeddable":true,"href":"https:\/\/www.europesays.com\/se\/wp-json\/wp\/v2\/categories?post=59713"},{"taxonomy":"post_tag","embeddable":true,"href":"https:\/\/www.europesays.com\/se\/wp-json\/wp\/v2\/tags?post=59713"}],"curies":[{"name":"wp","href":"https:\/\/api.w.org\/{rel}","templated":true}]}}