{"id":59721,"date":"2025-10-20T06:50:07","date_gmt":"2025-10-20T06:50:07","guid":{"rendered":"https:\/\/www.europesays.com\/se\/59721\/"},"modified":"2025-10-20T06:50:07","modified_gmt":"2025-10-20T06:50:07","slug":"opera-pop-och-en-prima-donna-rufus-wainwright-pa-scen-igen","status":"publish","type":"post","link":"https:\/\/www.europesays.com\/se\/59721\/","title":{"rendered":"Opera, pop och en Prima Donna \u2013 Rufus Wainwright p\u00e5 scen igen"},"content":{"rendered":"<p><img fetchpriority=\"high\" decoding=\"async\" width=\"364\" height=\"473\" src=\"https:\/\/www.europesays.com\/se\/wp-content\/uploads\/2025\/10\/IMG_9369-1-364x473.jpeg\" alt=\"\" class=\"wp-image-231972\"  \/>Foto: Mikaela Hammarstr\u00f6m<\/p>\n<p>Jag kliver rakt in p\u00e5 Kungliga operan f\u00f6r att ha en intervju med sj\u00e4lvaste singer-songwritern <strong>Rufus Wainwright<\/strong>. Idag vill jag l\u00e4ra k\u00e4nna honom, h\u00f6ra lite mer om bakgrunden till hans f\u00f6rsta opera <a href=\"https:\/\/www.operan.se\/forestallningar\/prima-donna\" data-type=\"link\" data-id=\"https:\/\/www.operan.se\/forestallningar\/prima-donna\" rel=\"nofollow noopener\" target=\"_blank\">Prima Donna<\/a>, men \u00e4ven f\u00e5 en inblick i hans framtidsplaner.<\/p>\n<p>Jag kommer in i ett rum, d\u00e4r sitter han. Vi h\u00e4lsar p\u00e5 varandra och jag k\u00e4nner genast lugnet i rummet. Vi har 15 minuter p\u00e5 oss, s\u00e5 det \u00e4r lika bra att s\u00e4tta ig\u00e5ng.<\/p>\n<p><strong>Tv\u00e5 scener, en kv\u00e4ll<\/strong><br \/><strong><br \/><\/strong>Den 11 oktober, var det nypremi\u00e4r f\u00f6r hans opera Prima Donna. Och som om inte det vore nog, efter f\u00f6rest\u00e4llningen ger Rufus \u00e4ven en konsert, helt avskalad, bara han, r\u00f6sten, pianot och gitarren. Han ber\u00e4ttar att han aldrig tidigare haft konsert samma kv\u00e4ll som en premi\u00e4r, men oroar sig inte det minsta, han t\u00e4nker njuta av varje sekund.<\/p>\n<p>Jag n\u00e4mner att det s\u00e4kert finns folk i publiken som aldrig sett en opera f\u00f6rut, och fr\u00e5gar om Prima Donna passar som en f\u00f6rsta upplevelse.<\/p>\n<p>\u2013 Absolut, s\u00e4ger han, \u00e4ven om den \u00e4r p\u00e5 franska.<\/p>\n<p>Hans r\u00e5d \u00e4r enkelt: <\/p>\n<p>\u2013 Luta dig tillbaka, ta in allt visuellt och musikaliskt. Men vill man f\u00f6rbereda sig kan man l\u00e4sa historien i f\u00f6rv\u00e4g.<\/p>\n<p>Vi pratar vidare om hans musik och framtidsplaner. Han \u00e4r sugen p\u00e5 att forts\u00e4tta med pop, men dr\u00f6mmer ocks\u00e5 om att skriva en ny opera, kanske en komedi n\u00e4sta g\u00e5ng. <\/p>\n<p><strong>M\u00e5nga hattar, en Rufus<\/strong><\/p>\n<p>Den h\u00e4r mannen har m\u00e5nga j\u00e4rn i elden. Hur m\u00e5nga \u00e4r egentligen b\u00e5de singer-songwriter och operakomposit\u00f6r? Inte m\u00e5nga. Jag st\u00e4ller honom n\u00e5gra fr\u00e5gor om just det.<\/p>\n<p>\u201dYou\u2019re a man of many hats \u2013 opera composer, producer, songwriter, father, pop artist. Do you pick them depending on the outfit of the day, or do you wear them all at once?\u201d <\/p>\n<p>Han skrattar och s\u00e4ger att han redan har f\u00f6r m\u00e5nga hattar hemma, och f\u00f6rs\u00f6ker h\u00e5lla sig till en \u00e5t g\u00e5ngen, om m\u00f6jligt, annars blir det f\u00f6r mycket. En ny hatt? Nej, han tror inte att han orkar en till, men funderar \u00e4nd\u00e5 en stund och jag kan se att han f\u00e5r massa tankar i huvudet.<\/p>\n<p>Innan vi rundar av hinner vi prata kort om hans kommande album med egenskrivna l\u00e5tar, till skillnad fr\u00e5n tidigare som till stor del best\u00e5tt av covers. Producentens namn h\u00e5ller han hemlig, vilket bara g\u00f6r mig \u00e4nnu mer nyfiken.<\/p>\n<p>Jag vill ocks\u00e5 veta vilken opera som ligger honom n\u00e4rmast hj\u00e4rtat. Han blir tyst en stund, men s\u00e4ger sedan: <\/p>\n<p>\u2013 Puccinis Madama Butterfly. <\/p>\n<p>Han till\u00e4gger att han egentligen inte borde tycka om den, eftersom den \u00e4r kritiserad f\u00f6r sina stereotypa bilder av Asien och kvinnlighet. N\u00e5got som i dag anses problematiskt. Samtidigt \u00e4r det ju en av v\u00e4rldens mest spelade operor, k\u00e4nd f\u00f6r sin musikaliska intensitet och tragiska k\u00e4rlekshistoria.<\/p>\n<p><img loading=\"lazy\" decoding=\"async\" width=\"355\" height=\"473\" src=\"https:\/\/www.europesays.com\/se\/wp-content\/uploads\/2025\/10\/IMG_8885-355x473.jpeg\" alt=\"\" class=\"wp-image-231977\"  \/>Foto: Mikaela Hammarstr\u00f6m<\/p>\n<p><strong>P\u00e5 plats f\u00f6r Prima Donna<\/strong><\/p>\n<p>Jag \u00e4r p\u00e5 plats i operahuset i Stockholm f\u00f6r se operan Prima Donna, skriven av Rufus Wainwright.<\/p>\n<p>K\u00e4nner jag mig som Julia Roberts i Pretty Woman? Nej, jag \u00e4r Pretty Solo. Men det \u00e4r helt okej att g\u00e5 p\u00e5 opera sj\u00e4lv.<\/p>\n<p>Eftersom jag genom min intervju med Rufus f\u00e5tt veta mer om vad som ligger bakom verket, ser jag ocks\u00e5 mer av hans livsresa i Prima Donna. Operan \u00e4r en romantisk och tragisk historia med sm\u00e5 stunder av komisk timing, och man kan ibland h\u00f6ra skratt ute i salongen. Annars f\u00e5r vi f\u00f6lja en operadiva som \u00e4r sorgsen och orolig \u00f6ver sin comeback. Hon f\u00f6r\u00e4lskar sig i en journalist, f\u00f6r att sedan tvingas m\u00f6ta hans f\u00e4stm\u00f6. Allt detta utspelar sig i hennes vardagsrum, t\u00e4nkt att spegla Paris under tidigt 1970-tal.<\/p>\n<p>N\u00e4r vi pratade om verket under intervjun ber\u00e4ttade Rufus ocks\u00e5 att melodier alltid varit hans starka sida, medan texterna kan vara sv\u00e5rare. D\u00e4rf\u00f6r skrev han libretton till Prima Donna tillsammans med den franske dramatikern Bernadette Colombine, som hj\u00e4lpte honom att f\u00e5 fram just text.<\/p>\n<p>R\u00e9gine Saint Laurent (operadivan) spelas av sopranen Elin Rombo. I handlingen f\u00f6rlorar hennes rollfigur r\u00f6sten,\u00a0 men i salongen \u00e4r det snarare publiken som tappar andan. Rombo k\u00e4nns helt sj\u00e4lvklar i sin roll och blir snabbt en favorit.<\/p>\n<p>Att s\u00e5ngerskan f\u00f6rlorar r\u00f6sten blir en symbol f\u00f6r Rufus mamma, som gick bort i cancer. Betj\u00e4nternas omsorg om divan blir en spegling av samma ber\u00e4ttelse. Wainwright\u00a0ber\u00e4ttade att hon hann se verket innan hon somnade in, vilket f\u00f6r honom var viktigt, d\u00e5 hon var en inspiration till hans f\u00f6rsta opera.<\/p>\n<p><strong>Kv\u00e4llens stj\u00e4rna heter Pauline Texier<\/strong><\/p>\n<p>F\u00f6r mig stj\u00e4l Pauline Texier f\u00f6rest\u00e4llningen i rollen som\u00a0Marie. Hennes r\u00f6st kan f\u00e5 vem som helst att falla f\u00f6r opera, \u00e4ven en nyb\u00f6rjare som jag. Andr\u00e9 Letourneur (journalisten) och Philippe (butlern) ger ocks\u00e5 liv \u00e5t sina roller, och tar oss med rakt in i R\u00e9gines vardagsrum d\u00e4r hela f\u00f6rest\u00e4llningen \u00e4ger rum.<\/p>\n<p>N\u00e4r jag ser scenerna mellan primadonnan och journalisten skrattar jag f\u00f6r mig sj\u00e4lv. Varf\u00f6r? Jo, under min intervju med Rufus fr\u00e5gade jag sk\u00e4mtsamt: \u201d\u00c4r det vanligt att artister blir f\u00f6r\u00e4lskade i journalister? Och har det h\u00e4nt dig?\u201d Han skrattade, svarade ja,\u00a0och f\u00f6ljde sedan upp med en liten novell om h\u00e4ndelsen. Vilket visade hans sk\u00e4mtsamma och samtidigt v\u00e4ldigt jordn\u00e4ra sida.<\/p>\n<p><strong>\u00c4r en opera p\u00e5 franska din perfekta f\u00f6rsta dejt med genren?<\/strong><\/p>\n<p>Jag tycker \u00e4nd\u00e5 att Rufus fick ut det han ville s\u00e4ga p\u00e5 ett fint s\u00e4tt. Jag fr\u00e5gade honom om det finns en \u201df\u00f6rsta perfekt opera\u201d f\u00f6r alla, och om Prima Donna kan vara just det. Han blev tyst en stund, och svarade sen att hans opera absolut kan vara n\u00e5gons f\u00f6rsta m\u00f6te med konstformen.\u00a0 Nu efter att jag har sett den,\u00a0h\u00e5ller jag kanske inte riktigt med.\u00a0<\/p>\n<p>Man b\u00f6r nog ha bes\u00f6kt en opera\u00a0tidigare innan man ger sig p\u00e5 Rufus verk. Prima Donna \u00e4r en nyskriven opera utan \u201dklassiker-greppet\u201d som Carmen eller La Boh\u00e8me, som lyfts fram som de mest \u201dnyb\u00f6rjarv\u00e4nliga\u201d operorna. H\u00e4r finns inga v\u00e4lbekanta melodier att luta sig mot. Den kr\u00e4ver lite mer vana, b\u00e5de f\u00f6r att ta in symboliken och f\u00f6r att riktigt uppskatta musiken. Lite bakgrund till historien g\u00f6r ocks\u00e5 att man l\u00e4ttare kommer in i verket.<\/p>\n<p>Efter\u00e5t pratar jag b\u00e5de med personal och bes\u00f6kare som har mycket att s\u00e4ga om kv\u00e4llens upps\u00e4ttning. N\u00e5gra i personalen tycker att verket \u00e4r sv\u00e5rt, inte riktigt lever upp till vad en opera \u201dska vara\u201d, och att musiken ibland tar \u00f6ver s\u00e5 att r\u00f6sterna hamnar i skymundan. En av bes\u00f6karna har d\u00e4remot en annan k\u00e4nsla och ger operan 8 av 10 i betyg.<\/p>\n<p>Detta \u00e4r Rufus f\u00f6rsta opera, och hatten av till honom f\u00f6r att han v\u00e5gat ge sig p\u00e5 n\u00e5got s\u00e5 stort. Att skriva opera \u00e4r knappast det enklaste man kan g\u00f6ra.<\/p>\n<p>S\u00e5 fr\u00e5gan \u00e4r: blir Prima Donna din f\u00f6rsta opera? Nu kan du historien bakom, och Wainwright har du f\u00e5tt l\u00e4ra k\u00e4nna lite n\u00e4rmare. V\u00e5gar du nu ta steget in i operav\u00e4rlden?<\/p>\n","protected":false},"excerpt":{"rendered":"Foto: Mikaela Hammarstr\u00f6m Jag kliver rakt in p\u00e5 Kungliga operan f\u00f6r att ha en intervju med sj\u00e4lvaste singer-songwritern&hellip;\n","protected":false},"author":2,"featured_media":59722,"comment_status":"","ping_status":"","sticky":false,"template":"","format":"standard","meta":{"footnotes":""},"categories":[67],"tags":[104,34,31,33,32,30,105],"class_list":{"0":"post-59721","1":"post","2":"type-post","3":"status-publish","4":"format-standard","5":"has-post-thumbnail","7":"category-underhallning","8":"tag-entertainment","9":"tag-se","10":"tag-svenska","11":"tag-sverige","12":"tag-sweden","13":"tag-swedish","14":"tag-underhallning"},"share_on_mastodon":{"url":"","error":""},"_links":{"self":[{"href":"https:\/\/www.europesays.com\/se\/wp-json\/wp\/v2\/posts\/59721","targetHints":{"allow":["GET"]}}],"collection":[{"href":"https:\/\/www.europesays.com\/se\/wp-json\/wp\/v2\/posts"}],"about":[{"href":"https:\/\/www.europesays.com\/se\/wp-json\/wp\/v2\/types\/post"}],"author":[{"embeddable":true,"href":"https:\/\/www.europesays.com\/se\/wp-json\/wp\/v2\/users\/2"}],"replies":[{"embeddable":true,"href":"https:\/\/www.europesays.com\/se\/wp-json\/wp\/v2\/comments?post=59721"}],"version-history":[{"count":0,"href":"https:\/\/www.europesays.com\/se\/wp-json\/wp\/v2\/posts\/59721\/revisions"}],"wp:featuredmedia":[{"embeddable":true,"href":"https:\/\/www.europesays.com\/se\/wp-json\/wp\/v2\/media\/59722"}],"wp:attachment":[{"href":"https:\/\/www.europesays.com\/se\/wp-json\/wp\/v2\/media?parent=59721"}],"wp:term":[{"taxonomy":"category","embeddable":true,"href":"https:\/\/www.europesays.com\/se\/wp-json\/wp\/v2\/categories?post=59721"},{"taxonomy":"post_tag","embeddable":true,"href":"https:\/\/www.europesays.com\/se\/wp-json\/wp\/v2\/tags?post=59721"}],"curies":[{"name":"wp","href":"https:\/\/api.w.org\/{rel}","templated":true}]}}