{"id":59723,"date":"2025-10-20T06:51:07","date_gmt":"2025-10-20T06:51:07","guid":{"rendered":"https:\/\/www.europesays.com\/se\/59723\/"},"modified":"2025-10-20T06:51:07","modified_gmt":"2025-10-20T06:51:07","slug":"lemmon-passerar-jorden-sa-ser-du-kometen-i-varmland","status":"publish","type":"post","link":"https:\/\/www.europesays.com\/se\/59723\/","title":{"rendered":"Lemmon passerar jorden \u2013 s\u00e5 ser du kometen i V\u00e4rmland"},"content":{"rendered":"<p class=\"mb-4 mx-auto max-w-xl\"><strong>N\u00e4ra stj\u00e4rnbilden Karlavagnen kan det vara m\u00f6jligt att skymta kometen Lemmon de n\u00e4rmaste veckorna \u2013 \u00e5tminstone med mobilen som hj\u00e4lpmedel. <\/strong><\/p>\n<p class=\"break-words mb-4 mx-auto max-w-xl\">\u2013 Nu vid nym\u00e5ne passar det v\u00e4ldigt bra, s\u00e4ger Eric Stempels, forskare vid institutionen f\u00f6r fysik och astronomi i Uppsala, men till\u00e4gger att det \u00e4r sv\u00e5rt att f\u00e5 syn p\u00e5 kometen med blotta \u00f6gat. <\/p>\n<p class=\"break-words mb-4 mx-auto max-w-xl\">\u2013 Men precis som med norrsken, om man anv\u00e4nder sig av en mobilkamera och tar en exponering p\u00e5 n\u00e5gra sekunder d\u00e5 har man nog chans att f\u00e5nga den d\u00e4r suddiga fl\u00e4cken p\u00e5 bild. <\/p>\n<p class=\"break-words mb-4 mx-auto max-w-xl\">Framf\u00f6r allt kring tisdagen denna vecka, d\u00e5 det \u00e4r nym\u00e5ne, kommer det att vara goda f\u00f6ruts\u00e4ttningar att f\u00e5 skymt p\u00e5 kometen. Den som vill se kometen ska ta med sig mobilen till en plats l\u00e5ngt ifr\u00e5n stadsljus och rikta mobilkameran mot stj\u00e4rnbilden Karlavagnen. Eric Stempels s\u00e4ger att man ska blicka bredvid stj\u00e4rnbilden. <\/p>\n<p class=\"break-words mb-4 mx-auto max-w-xl\">\u2013 Man kan s\u00e4ga bakom Karlavagnen, d\u00e4r \u201dhandtaget\u201d sticker ut. <\/p>\n","protected":false},"excerpt":{"rendered":"N\u00e4ra stj\u00e4rnbilden Karlavagnen kan det vara m\u00f6jligt att skymta kometen Lemmon de n\u00e4rmaste veckorna \u2013 \u00e5tminstone med mobilen&hellip;\n","protected":false},"author":2,"featured_media":59724,"comment_status":"","ping_status":"","sticky":false,"template":"","format":"standard","meta":{"footnotes":""},"categories":[66],"tags":[80,78,79,34,31,33,32,30,81,84,83,82],"class_list":{"0":"post-59723","1":"post","2":"type-post","3":"status-publish","4":"format-standard","5":"has-post-thumbnail","7":"category-vetenskap-och-teknik","8":"tag-science","9":"tag-science-and-technology","10":"tag-scienceandtechnology","11":"tag-se","12":"tag-svenska","13":"tag-sverige","14":"tag-sweden","15":"tag-swedish","16":"tag-technology","17":"tag-teknik","18":"tag-vetenskap","19":"tag-vetenskapteknik"},"share_on_mastodon":{"url":"","error":""},"_links":{"self":[{"href":"https:\/\/www.europesays.com\/se\/wp-json\/wp\/v2\/posts\/59723","targetHints":{"allow":["GET"]}}],"collection":[{"href":"https:\/\/www.europesays.com\/se\/wp-json\/wp\/v2\/posts"}],"about":[{"href":"https:\/\/www.europesays.com\/se\/wp-json\/wp\/v2\/types\/post"}],"author":[{"embeddable":true,"href":"https:\/\/www.europesays.com\/se\/wp-json\/wp\/v2\/users\/2"}],"replies":[{"embeddable":true,"href":"https:\/\/www.europesays.com\/se\/wp-json\/wp\/v2\/comments?post=59723"}],"version-history":[{"count":0,"href":"https:\/\/www.europesays.com\/se\/wp-json\/wp\/v2\/posts\/59723\/revisions"}],"wp:featuredmedia":[{"embeddable":true,"href":"https:\/\/www.europesays.com\/se\/wp-json\/wp\/v2\/media\/59724"}],"wp:attachment":[{"href":"https:\/\/www.europesays.com\/se\/wp-json\/wp\/v2\/media?parent=59723"}],"wp:term":[{"taxonomy":"category","embeddable":true,"href":"https:\/\/www.europesays.com\/se\/wp-json\/wp\/v2\/categories?post=59723"},{"taxonomy":"post_tag","embeddable":true,"href":"https:\/\/www.europesays.com\/se\/wp-json\/wp\/v2\/tags?post=59723"}],"curies":[{"name":"wp","href":"https:\/\/api.w.org\/{rel}","templated":true}]}}