{"id":59755,"date":"2025-10-20T07:31:05","date_gmt":"2025-10-20T07:31:05","guid":{"rendered":"https:\/\/www.europesays.com\/se\/59755\/"},"modified":"2025-10-20T07:31:05","modified_gmt":"2025-10-20T07:31:05","slug":"75-arig-man-korde-ned-i-vattnet-en-dod","status":"publish","type":"post","link":"https:\/\/www.europesays.com\/se\/59755\/","title":{"rendered":"75-\u00e5rig man k\u00f6rde ned i vattnet \u2013 en d\u00f6d"},"content":{"rendered":"<p>\u201cBilen k\u00f6rde igenom ett staket och d\u00e4refter ned i vattnet. En person antr\u00e4ffades i vattnet\u201d, s\u00e4ger polisens presstalesperson <strong>Christian Brattg\u00e5rd<\/strong>.<\/p>\n<p>Mannen f\u00f6rdes till sjukhus. Ett par timmar senare meddelades att han avlidit av sina skador och att anh\u00f6riga underr\u00e4ttats. Polisen har inga uppgifter om det befann sig fler personer i bilen.<\/p>\n<p><strong>L\u00e4s \u00e4ven: <\/strong><a href=\"https:\/\/news55.se\/halsa\/98-personer-omkommna-i-trafiken\/\" rel=\"nofollow noopener\" target=\"_blank\">98 personer omkomna\u00a0i trafiken under sommaren 2025<\/a><\/p>\n","protected":false},"excerpt":{"rendered":"\u201cBilen k\u00f6rde igenom ett staket och d\u00e4refter ned i vattnet. En person antr\u00e4ffades i vattnet\u201d, s\u00e4ger polisens presstalesperson&hellip;\n","protected":false},"author":2,"featured_media":59756,"comment_status":"","ping_status":"","sticky":false,"template":"","format":"standard","meta":{"footnotes":""},"categories":[5],"tags":[5622,22,23,5623,26,27,17,21,24,25,28,29,15,16,18,34,31,33,32,30,19,20,366],"class_list":{"0":"post-59755","1":"post","2":"type-post","3":"status-publish","4":"format-standard","5":"has-post-thumbnail","7":"category-rubriker","8":"tag-bil","9":"tag-breaking-news","10":"tag-breakingnews","11":"tag-dodsolycka","12":"tag-featured-news","13":"tag-featurednews","14":"tag-headlines","15":"tag-huvudnyheter","16":"tag-latest-news","17":"tag-latestnews","18":"tag-main-news","19":"tag-mainnews","20":"tag-news","21":"tag-nyheter","22":"tag-rubriker","23":"tag-se","24":"tag-svenska","25":"tag-sverige","26":"tag-sweden","27":"tag-swedish","28":"tag-top-stories","29":"tag-topstories","30":"tag-trafik"},"share_on_mastodon":{"url":"","error":""},"_links":{"self":[{"href":"https:\/\/www.europesays.com\/se\/wp-json\/wp\/v2\/posts\/59755","targetHints":{"allow":["GET"]}}],"collection":[{"href":"https:\/\/www.europesays.com\/se\/wp-json\/wp\/v2\/posts"}],"about":[{"href":"https:\/\/www.europesays.com\/se\/wp-json\/wp\/v2\/types\/post"}],"author":[{"embeddable":true,"href":"https:\/\/www.europesays.com\/se\/wp-json\/wp\/v2\/users\/2"}],"replies":[{"embeddable":true,"href":"https:\/\/www.europesays.com\/se\/wp-json\/wp\/v2\/comments?post=59755"}],"version-history":[{"count":0,"href":"https:\/\/www.europesays.com\/se\/wp-json\/wp\/v2\/posts\/59755\/revisions"}],"wp:featuredmedia":[{"embeddable":true,"href":"https:\/\/www.europesays.com\/se\/wp-json\/wp\/v2\/media\/59756"}],"wp:attachment":[{"href":"https:\/\/www.europesays.com\/se\/wp-json\/wp\/v2\/media?parent=59755"}],"wp:term":[{"taxonomy":"category","embeddable":true,"href":"https:\/\/www.europesays.com\/se\/wp-json\/wp\/v2\/categories?post=59755"},{"taxonomy":"post_tag","embeddable":true,"href":"https:\/\/www.europesays.com\/se\/wp-json\/wp\/v2\/tags?post=59755"}],"curies":[{"name":"wp","href":"https:\/\/api.w.org\/{rel}","templated":true}]}}