{"id":59843,"date":"2025-10-20T09:03:36","date_gmt":"2025-10-20T09:03:36","guid":{"rendered":"https:\/\/www.europesays.com\/se\/59843\/"},"modified":"2025-10-20T09:03:36","modified_gmt":"2025-10-20T09:03:36","slug":"brittisk-feelgood-om-karlek-och-skandaler-i-vintagebutik","status":"publish","type":"post","link":"https:\/\/www.europesays.com\/se\/59843\/","title":{"rendered":"Brittisk feelgood om k\u00e4rlek och skandaler i vintagebutik"},"content":{"rendered":"<p>\nI Annie Darlings senaste bok \u201dTrassliga k\u00e4rleksband i Vintagebutiken\u201d f\u00e5r vi f\u00f6lja Phoebe Parker, som driver en vintagebutik i London och lever med sin franska bulldog Coco Chanel. N\u00e4r ett m\u00f6te med en kund sprids p\u00e5 sociala medier riskerar b\u00e5de butikens rykte och Phoebes framtid att g\u00e5 om intet.\n<\/p>\n<p>\nSamtidigt k\u00e4mpar Phoebe med sina k\u00e4nslor f\u00f6r kollegan Freddy, vilket g\u00f6r livet extra komplicerat. Boken bjuder p\u00e5 humor, romantik och f\u00e4rgstarka karakt\u00e4rer, och \u00e4r tredje delen i serien Vintagebutiken i Primrose Hill.\n<\/p>\n<p>\n\u2013 Den mest bed\u00e5rande, ljuvliga boken \u2026 En s\u00e5dan underbar k\u00e4rlekshistoria, s\u00e4ger Marian Keyes om serien i ett pressmeddelande fr\u00e5n Karat f\u00f6rlag.\n<\/p>\n<p>\nBoken sl\u00e4pps den 18 november och \u00e4r \u00f6versatt av Mia Gahne. Ljudboken l\u00e4ses in av Emma Peters.\n<\/p>\n<p><img loading=\"lazy\" decoding=\"async\" src=\"https:\/\/www.europesays.com\/se\/wp-content\/uploads\/2025\/10\/1760951016_266_pixel\" width=\"1\" height=\"1\"\/><\/p>\n<p>&#13;<br \/>\n                            &#13;<br \/>\n                                 Dela artikel&#13;<br \/>\n                            &#13;<br \/>\n                            &#13;\n                        <\/p>\n<p class=\"fst-italic border p-2 my-3 bg-light border-dark text-center \">Den h\u00e4r texten har genererats automatiskt med hj\u00e4lp av Live\u00b2 AI-verktyg.<\/p>\n<p>                    Annons<br \/>\n                        <a href=\"https:\/\/www.businessforukraine.se\" target=\"_blank\" data-tracking-id=\"left1\" rel=\"nofollow noopener\"><img decoding=\"async\" src=\"https:\/\/usercontent.one\/wp\/www.horisontmagasin.se\/wp-content\/uploads\/2025\/09\/Rebuild-host-25.jpg?media=1738681601\" alt=\"Annons\" class=\"img-fluid mx-auto d-block lazyload\" bad-src=\"data:image\/svg+xml;base64,PHN2ZyB3aWR0aD0iMSIgaGVpZ2h0PSIxIiB4bWxucz0iaHR0cDovL3d3dy53My5vcmcvMjAwMC9zdmciPjwvc3ZnPg==\"\/><\/a>                        <\/p>\n","protected":false},"excerpt":{"rendered":"I Annie Darlings senaste bok \u201dTrassliga k\u00e4rleksband i Vintagebutiken\u201d f\u00e5r vi f\u00f6lja Phoebe Parker, som driver en vintagebutik&hellip;\n","protected":false},"author":2,"featured_media":36757,"comment_status":"","ping_status":"","sticky":false,"template":"","format":"standard","meta":{"footnotes":""},"categories":[67],"tags":[104,34,31,33,32,30,105],"class_list":{"0":"post-59843","1":"post","2":"type-post","3":"status-publish","4":"format-standard","5":"has-post-thumbnail","7":"category-underhallning","8":"tag-entertainment","9":"tag-se","10":"tag-svenska","11":"tag-sverige","12":"tag-sweden","13":"tag-swedish","14":"tag-underhallning"},"share_on_mastodon":{"url":"","error":""},"_links":{"self":[{"href":"https:\/\/www.europesays.com\/se\/wp-json\/wp\/v2\/posts\/59843","targetHints":{"allow":["GET"]}}],"collection":[{"href":"https:\/\/www.europesays.com\/se\/wp-json\/wp\/v2\/posts"}],"about":[{"href":"https:\/\/www.europesays.com\/se\/wp-json\/wp\/v2\/types\/post"}],"author":[{"embeddable":true,"href":"https:\/\/www.europesays.com\/se\/wp-json\/wp\/v2\/users\/2"}],"replies":[{"embeddable":true,"href":"https:\/\/www.europesays.com\/se\/wp-json\/wp\/v2\/comments?post=59843"}],"version-history":[{"count":0,"href":"https:\/\/www.europesays.com\/se\/wp-json\/wp\/v2\/posts\/59843\/revisions"}],"wp:featuredmedia":[{"embeddable":true,"href":"https:\/\/www.europesays.com\/se\/wp-json\/wp\/v2\/media\/36757"}],"wp:attachment":[{"href":"https:\/\/www.europesays.com\/se\/wp-json\/wp\/v2\/media?parent=59843"}],"wp:term":[{"taxonomy":"category","embeddable":true,"href":"https:\/\/www.europesays.com\/se\/wp-json\/wp\/v2\/categories?post=59843"},{"taxonomy":"post_tag","embeddable":true,"href":"https:\/\/www.europesays.com\/se\/wp-json\/wp\/v2\/tags?post=59843"}],"curies":[{"name":"wp","href":"https:\/\/api.w.org\/{rel}","templated":true}]}}