{"id":59850,"date":"2025-10-20T09:10:10","date_gmt":"2025-10-20T09:10:10","guid":{"rendered":"https:\/\/www.europesays.com\/se\/59850\/"},"modified":"2025-10-20T09:10:10","modified_gmt":"2025-10-20T09:10:10","slug":"har-hyllas-nahir-besara-som-en-kung-av-hammarby-if-supportrarna-allsvenskan","status":"publish","type":"post","link":"https:\/\/www.europesays.com\/se\/59850\/","title":{"rendered":"H\u00e4r hyllas Nahir Besara som en kung av Hammarby IF-supportrarna | Allsvenskan"},"content":{"rendered":"<p>Publicerad 19 okt 2025 kl 20.43Uppdaterad kl 20.50<\/p>\n<p>PremiumHur starkt och stort \u00e4r k\u00e4rleksbandet mellan Nahir Besara och Hammarby IF:s supportrar?<\/p>\n<p>Svaret gick att hitta p\u00e5 The Central Bar vid 19.00 under s\u00f6ndagskv\u00e4llen.<\/p>\n<p>\u00c4ven p\u00e5 exakt samma st\u00e4lle \u2013 18 timmar tidigare.<\/p>\n<p><img   alt=\"\"\/><\/p>\n<p>Nahir Besara och Bobil Minasson.<\/p>\n<p>Foto: Linus Petersson<\/p>\n<p>\u00d6ppna bild i helsk\u00e4rm<img loading=\"lazy\"   alt=\"\"\/>\u00d6ppna bild i helsk\u00e4rm<\/p>\n","protected":false},"excerpt":{"rendered":"Publicerad 19 okt 2025 kl 20.43Uppdaterad kl 20.50 PremiumHur starkt och stort \u00e4r k\u00e4rleksbandet mellan Nahir Besara och&hellip;\n","protected":false},"author":2,"featured_media":59851,"comment_status":"","ping_status":"","sticky":false,"template":"","format":"standard","meta":{"footnotes":""},"categories":[68],"tags":[555,738,103,34,130,129,111,110,31,33,32,30],"class_list":{"0":"post-59850","1":"post","2":"type-post","3":"status-publish","4":"format-standard","5":"has-post-thumbnail","7":"category-sport","8":"tag-organization-allsvenskan","9":"tag-organization-hammarby-if","10":"tag-premium","11":"tag-se","12":"tag-sections-allsvenskan","13":"tag-sections-fotboll","14":"tag-sport","15":"tag-sports","16":"tag-svenska","17":"tag-sverige","18":"tag-sweden","19":"tag-swedish"},"share_on_mastodon":{"url":"","error":""},"_links":{"self":[{"href":"https:\/\/www.europesays.com\/se\/wp-json\/wp\/v2\/posts\/59850","targetHints":{"allow":["GET"]}}],"collection":[{"href":"https:\/\/www.europesays.com\/se\/wp-json\/wp\/v2\/posts"}],"about":[{"href":"https:\/\/www.europesays.com\/se\/wp-json\/wp\/v2\/types\/post"}],"author":[{"embeddable":true,"href":"https:\/\/www.europesays.com\/se\/wp-json\/wp\/v2\/users\/2"}],"replies":[{"embeddable":true,"href":"https:\/\/www.europesays.com\/se\/wp-json\/wp\/v2\/comments?post=59850"}],"version-history":[{"count":0,"href":"https:\/\/www.europesays.com\/se\/wp-json\/wp\/v2\/posts\/59850\/revisions"}],"wp:featuredmedia":[{"embeddable":true,"href":"https:\/\/www.europesays.com\/se\/wp-json\/wp\/v2\/media\/59851"}],"wp:attachment":[{"href":"https:\/\/www.europesays.com\/se\/wp-json\/wp\/v2\/media?parent=59850"}],"wp:term":[{"taxonomy":"category","embeddable":true,"href":"https:\/\/www.europesays.com\/se\/wp-json\/wp\/v2\/categories?post=59850"},{"taxonomy":"post_tag","embeddable":true,"href":"https:\/\/www.europesays.com\/se\/wp-json\/wp\/v2\/tags?post=59850"}],"curies":[{"name":"wp","href":"https:\/\/api.w.org\/{rel}","templated":true}]}}