{"id":59900,"date":"2025-10-20T09:51:11","date_gmt":"2025-10-20T09:51:11","guid":{"rendered":"https:\/\/www.europesays.com\/se\/59900\/"},"modified":"2025-10-20T09:51:11","modified_gmt":"2025-10-20T09:51:11","slug":"tidningen-insandare-oppenhet-kraver-ocksa-ansvar","status":"publish","type":"post","link":"https:\/\/www.europesays.com\/se\/59900\/","title":{"rendered":"Tidningen &#8211; Ins\u00e4ndare: \u00d6ppenhet kr\u00e4ver ocks\u00e5 ansvar"},"content":{"rendered":"<p class=\"break-words mb-4 mx-auto max-w-xl\">Svar till Fatima Hamdi.<\/p>\n<p class=\"break-words mb-4 mx-auto max-w-xl\">Det \u00e4r l\u00e4tt att tala om \u00f6ppenhet \u2013 men den kr\u00e4ver ocks\u00e5 ansvar.<\/p>\n<p class=\"break-words mb-4 mx-auto max-w-xl\">I Mariestad arbetar vi varje dag f\u00f6r just det: tydliga processer, r\u00e4ttss\u00e4kerhet och transparens. Alla bygglovs\u00e4renden hanteras enligt lag, med samma regler f\u00f6r alla. Ibland tar det tid, inte f\u00f6r att n\u00e5gon \u201dh\u00e5lls tillbaka\u201d, utan f\u00f6r att vi f\u00f6ljer lagstiftningen och ger sak\u00e4gare m\u00f6jlighet att yttra sig. Det \u00e4r en del av r\u00e4ttss\u00e4kerheten.<\/p>\n<p class=\"break-words mb-4 mx-auto max-w-xl\">Att p\u00e5st\u00e5 att beslut fattas \u201dbakom kulisserna\u201d \u00e4r b\u00e5de felaktigt och or\u00e4ttvist mot de tj\u00e4nstem\u00e4n och f\u00f6rtroendevalda som varje vecka l\u00e4gger ned ett stort arbete p\u00e5 att g\u00f6ra r\u00e4tt.<\/p>\n<p class=\"break-words mb-4 mx-auto max-w-xl\">Vi v\u00e4lkomnar granskning och fr\u00e5gor \u2013 men inte falska anklagelser som undergr\u00e4ver f\u00f6rtroendet f\u00f6r kommunen och skr\u00e4mmer bort f\u00f6retagare och investerare.<\/p>\n<p class=\"break-words mb-4 mx-auto max-w-xl\">Mariestad har i dag ett starkt n\u00e4ringsliv med flera nyetableringar, v\u00e4xande industri, historiskt h\u00f6g tillv\u00e4xt och fler jobb \u00e4n p\u00e5 m\u00e5nga \u00e5r. Det \u00e4r resultatet av samarbete, inte misst\u00e4nkligg\u00f6rande.<\/p>\n<p class=\"break-words mb-4 mx-auto max-w-xl\">Vi kommer forts\u00e4tta att bygga framtidstro \u2013 genom ordning, \u00f6ppenhet och respekt.<\/p>\n<p class=\"break-words mb-4 mx-auto max-w-xl\"><strong>Johan Abrahamsson<\/strong><\/p>\n<p class=\"break-words mb-4 mx-auto max-w-xl\"><strong>Kommunstyrelsens ordf\u00f6rande (M)<\/strong><\/p>\n<p class=\"break-words mb-4 mx-auto max-w-xl\"><strong>Mariestad<\/strong><\/p>\n","protected":false},"excerpt":{"rendered":"Svar till Fatima Hamdi. Det \u00e4r l\u00e4tt att tala om \u00f6ppenhet \u2013 men den kr\u00e4ver ocks\u00e5 ansvar. I&hellip;\n","protected":false},"author":2,"featured_media":59901,"comment_status":"","ping_status":"","sticky":false,"template":"","format":"standard","meta":{"footnotes":""},"categories":[67],"tags":[104,34,31,33,32,30,105],"class_list":{"0":"post-59900","1":"post","2":"type-post","3":"status-publish","4":"format-standard","5":"has-post-thumbnail","7":"category-underhallning","8":"tag-entertainment","9":"tag-se","10":"tag-svenska","11":"tag-sverige","12":"tag-sweden","13":"tag-swedish","14":"tag-underhallning"},"share_on_mastodon":{"url":"","error":""},"_links":{"self":[{"href":"https:\/\/www.europesays.com\/se\/wp-json\/wp\/v2\/posts\/59900","targetHints":{"allow":["GET"]}}],"collection":[{"href":"https:\/\/www.europesays.com\/se\/wp-json\/wp\/v2\/posts"}],"about":[{"href":"https:\/\/www.europesays.com\/se\/wp-json\/wp\/v2\/types\/post"}],"author":[{"embeddable":true,"href":"https:\/\/www.europesays.com\/se\/wp-json\/wp\/v2\/users\/2"}],"replies":[{"embeddable":true,"href":"https:\/\/www.europesays.com\/se\/wp-json\/wp\/v2\/comments?post=59900"}],"version-history":[{"count":0,"href":"https:\/\/www.europesays.com\/se\/wp-json\/wp\/v2\/posts\/59900\/revisions"}],"wp:featuredmedia":[{"embeddable":true,"href":"https:\/\/www.europesays.com\/se\/wp-json\/wp\/v2\/media\/59901"}],"wp:attachment":[{"href":"https:\/\/www.europesays.com\/se\/wp-json\/wp\/v2\/media?parent=59900"}],"wp:term":[{"taxonomy":"category","embeddable":true,"href":"https:\/\/www.europesays.com\/se\/wp-json\/wp\/v2\/categories?post=59900"},{"taxonomy":"post_tag","embeddable":true,"href":"https:\/\/www.europesays.com\/se\/wp-json\/wp\/v2\/tags?post=59900"}],"curies":[{"name":"wp","href":"https:\/\/api.w.org\/{rel}","templated":true}]}}