{"id":59916,"date":"2025-10-20T10:03:24","date_gmt":"2025-10-20T10:03:24","guid":{"rendered":"https:\/\/www.europesays.com\/se\/59916\/"},"modified":"2025-10-20T10:03:24","modified_gmt":"2025-10-20T10:03:24","slug":"fyra-man-atalas-for-misshandel-koppling-till-aktivklubb-sverige","status":"publish","type":"post","link":"https:\/\/www.europesays.com\/se\/59916\/","title":{"rendered":"Fyra m\u00e4n \u00e5talas f\u00f6r misshandel \u2013 koppling till Aktivklubb Sverige"},"content":{"rendered":"<p>Den f\u00f6rsta misshandeln sker strax efter midnatt p\u00e5 Birger Jarlsgatan i centrala Stockholm den 27 augusti. Enligt \u00e5klagaren Gustav Andersson var den grov. <\/p>\n<p>\u2013 Eftersom de tilltalade har visat s\u00e4rskild h\u00e4nsynsl\u00f6shet och r\u00e5het. M\u00e5ls\u00e4ganden fick motta slag och sparkar mot huvudet och delar av v\u00e5ldet har utdelats n\u00e4r m\u00e5ls\u00e4ganden l\u00e5g p\u00e5 marken, s\u00e4ger han i pressmeddelandet.<\/p>\n<p>Kort senare p\u00e5 Kungsgatan ska samma fyra m\u00e4n ha r\u00e5nat och misshandlat en man samt hotat dennes kompis, enligt \u00e5talet.<\/p>\n<p>Vid 01-tiden sker den tredje misshandeln p\u00e5 tunnelbanan p\u00e5 v\u00e4g mot Solna strand. D\u00e5 \u00e4r det tre av m\u00e4nnen som ska ha utdelat slag och sparkar mot en man.<\/p>\n<p>\u00c5klagaren: Hatbrottsmotiv bakom<\/p>\n<p>\u00c5klagaren menar att det finns ett hatbrottsmotiv i samtliga fall. Motiven f\u00f6r g\u00e4rningarna har varit att kr\u00e4nka m\u00e5ls\u00e4gandena p\u00e5 grund av ras, hudf\u00e4rg eller nationellt eller etniskt ursprung, enligt pressmeddelandet.<\/p>\n<p>Samtliga av m\u00e5ls\u00e4gandena har utl\u00e4ndsk bakgrund och har ingen anknytning till varandra.<\/p>\n<p>Aktivklubb Sverige<\/p>\n<p>De fyra m\u00e4nnen som nu \u00e5talas \u00e4r alla i 20-\u00e5rs\u00e5ldern och kan kopplas till den h\u00f6gerextrema milj\u00f6n. <\/p>\n<p>\u2013 N\u00e5gra av m\u00e4nnen syns g\u00f6ra nazisth\u00e4lsningar p\u00e5 \u00f6vervakningsfilmer och foton i anslutning till g\u00e4rningarna. Vid husrannsakningar hittade vi material och symboler som visar att alla fyra har kopplingar till en h\u00f6gerextrem r\u00f6relse, s\u00e4ger Gustav Andersson i pressmeddelandet.<\/p>\n<p>Grupperingen White Boys<\/p>\n<p>\u00c5tminstone tre av dem f\u00f6rekommer i chattgrupper tillsammans med tongivande personer inom White Boys \u2013 en Stockholmsgruppering inom Aktivklubb Sverige, visar en tidigare polisutredning. En av dem poserar \u00e4ven p\u00e5 sociala medier med en White Boys-flagga. <\/p>\n<p>Mannen ska sedan han h\u00e4ktades ha klottrat vad som uppfattas som nazistiska budskap p\u00e5 v\u00e4ggarna i sin h\u00e4ktescell, bland annat \u201dSS\u201d och \u201d88\u201d \u2013 en k\u00e4nd f\u00f6rkortning f\u00f6r Heil Hitler. Han ska ocks\u00e5 ha skrivit \u201dgenom kamp till seger\u201d och \u201dblod \u00e4ra d\u00f6d\u201d, visar rapporter fr\u00e5n Kriminalv\u00e5rden som SVT tagit del av.<\/p>\n<p>Hos en annan av de misst\u00e4nkta har \u201dm\u00e4ngder med brev med antisemitiskt inneh\u00e5ll\u201d hittats under tiden i h\u00e4kte, enligt Kriminalv\u00e5rdens anteckningar. <\/p>\n<p>De fyra m\u00e4nnen har suttit h\u00e4ktade sedan augusti och september. <\/p>\n<p>Samtliga av dem f\u00f6rnekar brott.<\/p>\n","protected":false},"excerpt":{"rendered":"Den f\u00f6rsta misshandeln sker strax efter midnatt p\u00e5 Birger Jarlsgatan i centrala Stockholm den 27 augusti. Enligt \u00e5klagaren&hellip;\n","protected":false},"author":2,"featured_media":59917,"comment_status":"","ping_status":"","sticky":false,"template":"","format":"standard","meta":{"footnotes":""},"categories":[12],"tags":[22,23,26,27,17,21,24,25,28,29,15,16,18,34,31,33,32,30,19,20],"class_list":{"0":"post-59916","1":"post","2":"type-post","3":"status-publish","4":"format-standard","5":"has-post-thumbnail","7":"category-sverige","8":"tag-breaking-news","9":"tag-breakingnews","10":"tag-featured-news","11":"tag-featurednews","12":"tag-headlines","13":"tag-huvudnyheter","14":"tag-latest-news","15":"tag-latestnews","16":"tag-main-news","17":"tag-mainnews","18":"tag-news","19":"tag-nyheter","20":"tag-rubriker","21":"tag-se","22":"tag-svenska","23":"tag-sverige","24":"tag-sweden","25":"tag-swedish","26":"tag-top-stories","27":"tag-topstories"},"share_on_mastodon":{"url":"","error":""},"_links":{"self":[{"href":"https:\/\/www.europesays.com\/se\/wp-json\/wp\/v2\/posts\/59916","targetHints":{"allow":["GET"]}}],"collection":[{"href":"https:\/\/www.europesays.com\/se\/wp-json\/wp\/v2\/posts"}],"about":[{"href":"https:\/\/www.europesays.com\/se\/wp-json\/wp\/v2\/types\/post"}],"author":[{"embeddable":true,"href":"https:\/\/www.europesays.com\/se\/wp-json\/wp\/v2\/users\/2"}],"replies":[{"embeddable":true,"href":"https:\/\/www.europesays.com\/se\/wp-json\/wp\/v2\/comments?post=59916"}],"version-history":[{"count":0,"href":"https:\/\/www.europesays.com\/se\/wp-json\/wp\/v2\/posts\/59916\/revisions"}],"wp:featuredmedia":[{"embeddable":true,"href":"https:\/\/www.europesays.com\/se\/wp-json\/wp\/v2\/media\/59917"}],"wp:attachment":[{"href":"https:\/\/www.europesays.com\/se\/wp-json\/wp\/v2\/media?parent=59916"}],"wp:term":[{"taxonomy":"category","embeddable":true,"href":"https:\/\/www.europesays.com\/se\/wp-json\/wp\/v2\/categories?post=59916"},{"taxonomy":"post_tag","embeddable":true,"href":"https:\/\/www.europesays.com\/se\/wp-json\/wp\/v2\/tags?post=59916"}],"curies":[{"name":"wp","href":"https:\/\/api.w.org\/{rel}","templated":true}]}}