{"id":59981,"date":"2025-10-20T11:19:07","date_gmt":"2025-10-20T11:19:07","guid":{"rendered":"https:\/\/www.europesays.com\/se\/59981\/"},"modified":"2025-10-20T11:19:07","modified_gmt":"2025-10-20T11:19:07","slug":"troja-med-reklamtryck-i-forradarna-tv4-falls","status":"publish","type":"post","link":"https:\/\/www.europesays.com\/se\/59981\/","title":{"rendered":"Tr\u00f6ja med reklamtryck i \u201dF\u00f6rr\u00e4darna\u201d \u2013 TV4 f\u00e4lls"},"content":{"rendered":"<p>Publicerad 20 okt 2025 kl 12.28Uppdaterad kl 12.56<\/p>\n<p>TV4 f\u00e4lls f\u00f6r otillb\u00f6rligt gynnande av varum\u00e4rke.\u00a0<\/p>\n<p>Detta efter att en deltagare i programmet \u201dF\u00f6rr\u00e4darna\u201d bar en tr\u00f6ja med tryck som f\u00f6rest\u00e4llde en vinm\u00e4rkesetikett, skriver Mediemyndigheten i ett pressmeddelande.<\/p>\n<p><img   alt=\"\"\/><\/p>\n<p>Programledaren Dragomir \u201dGago\u201d Mrsic.<\/p>\n<p>Foto: MAGNUS LEJHALL<\/p>\n<p>\u00d6ppna bild i helsk\u00e4rm<img loading=\"lazy\"   alt=\"\"\/><\/p>\n<p>Farao Groth med sin vintr\u00f6ja i \u201dF\u00f6rr\u00e4darna\u201d.<\/p>\n<p>Foto: TV4<\/p>\n<p>\u00d6ppna bild i helsk\u00e4rm<\/p>\n<p>Det var i v\u00e5rens upplaga av programmet som deltagaren Farao Groth hade en tr\u00f6ja med ett bl\u00e5tt tryck och texten \u201dDomino\u201d.<\/p>\n<p>Det refererar till Mix Megapol-kollegan Gry Forsells vin med samma namn och logga, som <a href=\"https:\/\/nyheter24.se\/noje\/kultur\/1397328-tv4-riskerar-100-000-i-boter-efter-det-farao-gor-i-forradarna\" rel=\"nofollow noopener\" target=\"_blank\">Nyheter 24<\/a> var f\u00f6rst med att rapportera om.<\/p>\n<p>Enligt <a href=\"https:\/\/www.expressen.se\/tagg\/organization\/tv4\/\" class=\"\" rel=\"nofollow noopener\" target=\"_blank\">TV4<\/a> gick det inte att koppla trycket till n\u00e5gon kommersiell produkt eftersom inte hela namnet, utan bara en del, stod p\u00e5 tryckt p\u00e5 tr\u00f6jan.\u00a0<\/p>\n<p>Trots det bed\u00f6mer Granskningsn\u00e4mnden att det aktuella vinm\u00e4rket, genom att tr\u00f6jan syntes flera g\u00e5nger i programmet, gynnades p\u00e5 ett s\u00e4tt som inte kunde motiveras av ett informations- eller underh\u00e5llningsintresse.\u00a0<\/p>\n<p>Granskningsn\u00e4mnden kommer att ans\u00f6ka hos f\u00f6rvaltningsr\u00e4tten om att TV4 ska betala 100\u00a0000 kronor i s\u00e4rskild avgift. \u00a0<\/p>\n<p>Gry Forsell t\u00e4vlar nu i h\u00f6stens upplaga av programmet <a href=\"https:\/\/www.expressen.se\/noje\/tv-och-streaming\/har-ar-alla-deltagare-i-forradarna-2026\/\" rel=\"nofollow noopener\" target=\"_blank\">ihop med 19 andra.<\/a><\/p>\n","protected":false},"excerpt":{"rendered":"Publicerad 20 okt 2025 kl 12.28Uppdaterad kl 12.56 TV4 f\u00e4lls f\u00f6r otillb\u00f6rligt gynnande av varum\u00e4rke.\u00a0 Detta efter att&hellip;\n","protected":false},"author":2,"featured_media":59982,"comment_status":"","ping_status":"","sticky":false,"template":"","format":"standard","meta":{"footnotes":""},"categories":[67],"tags":[104,4034,384,34,645,31,33,32,30,105],"class_list":{"0":"post-59981","1":"post","2":"type-post","3":"status-publish","4":"format-standard","5":"has-post-thumbnail","7":"category-underhallning","8":"tag-entertainment","9":"tag-organization-forradarna","10":"tag-organization-tv4","11":"tag-se","12":"tag-sections-tv","13":"tag-svenska","14":"tag-sverige","15":"tag-sweden","16":"tag-swedish","17":"tag-underhallning"},"share_on_mastodon":{"url":"","error":""},"_links":{"self":[{"href":"https:\/\/www.europesays.com\/se\/wp-json\/wp\/v2\/posts\/59981","targetHints":{"allow":["GET"]}}],"collection":[{"href":"https:\/\/www.europesays.com\/se\/wp-json\/wp\/v2\/posts"}],"about":[{"href":"https:\/\/www.europesays.com\/se\/wp-json\/wp\/v2\/types\/post"}],"author":[{"embeddable":true,"href":"https:\/\/www.europesays.com\/se\/wp-json\/wp\/v2\/users\/2"}],"replies":[{"embeddable":true,"href":"https:\/\/www.europesays.com\/se\/wp-json\/wp\/v2\/comments?post=59981"}],"version-history":[{"count":0,"href":"https:\/\/www.europesays.com\/se\/wp-json\/wp\/v2\/posts\/59981\/revisions"}],"wp:featuredmedia":[{"embeddable":true,"href":"https:\/\/www.europesays.com\/se\/wp-json\/wp\/v2\/media\/59982"}],"wp:attachment":[{"href":"https:\/\/www.europesays.com\/se\/wp-json\/wp\/v2\/media?parent=59981"}],"wp:term":[{"taxonomy":"category","embeddable":true,"href":"https:\/\/www.europesays.com\/se\/wp-json\/wp\/v2\/categories?post=59981"},{"taxonomy":"post_tag","embeddable":true,"href":"https:\/\/www.europesays.com\/se\/wp-json\/wp\/v2\/tags?post=59981"}],"curies":[{"name":"wp","href":"https:\/\/api.w.org\/{rel}","templated":true}]}}