{"id":60042,"date":"2025-10-20T12:38:14","date_gmt":"2025-10-20T12:38:14","guid":{"rendered":"https:\/\/www.europesays.com\/se\/60042\/"},"modified":"2025-10-20T12:38:14","modified_gmt":"2025-10-20T12:38:14","slug":"anders-torstensson-om-mjallbys-succe-och-cancerdiagnosen","status":"publish","type":"post","link":"https:\/\/www.europesays.com\/se\/60042\/","title":{"rendered":"Anders Torstensson om Mj\u00e4llbys succ\u00e9 och cancerdiagnosen"},"content":{"rendered":"<p>N\u00e4r Anders Torstensson erbj\u00f6ds jobbet som tr\u00e4nare f\u00f6r Mj\u00e4llby var han fullst\u00e4ndigt \u00e4rlig: han f\u00f6rklarade att han varken var den b\u00e4sta tr\u00e4naren, b\u00e4sta taktikern eller b\u00e4sta instrukt\u00f6ren.<\/p>\n<p>\u2013 Jag var bara brutalt \u00e4rlig och de svarade: \u2019Ja, men du vet hur man vinner matcher\u2019. Fotbollsutvecklingen g\u00e5r enormt snabbt och jag hade inte varit aktiv p\u00e5 flera \u00e5r. Jag k\u00e4nde att jag stod vid ett v\u00e4gsk\u00e4l och satte mig p\u00e5 kammaren och funderade: Vad vill jag g\u00f6ra med mitt liv?<\/p>\n","protected":false},"excerpt":{"rendered":"N\u00e4r Anders Torstensson erbj\u00f6ds jobbet som tr\u00e4nare f\u00f6r Mj\u00e4llby var han fullst\u00e4ndigt \u00e4rlig: han f\u00f6rklarade att han varken&hellip;\n","protected":false},"author":2,"featured_media":60043,"comment_status":"","ping_status":"","sticky":false,"template":"","format":"standard","meta":{"footnotes":""},"categories":[5],"tags":[22,23,26,27,17,21,24,25,28,29,15,16,18,34,31,33,32,30,19,20],"class_list":{"0":"post-60042","1":"post","2":"type-post","3":"status-publish","4":"format-standard","5":"has-post-thumbnail","7":"category-rubriker","8":"tag-breaking-news","9":"tag-breakingnews","10":"tag-featured-news","11":"tag-featurednews","12":"tag-headlines","13":"tag-huvudnyheter","14":"tag-latest-news","15":"tag-latestnews","16":"tag-main-news","17":"tag-mainnews","18":"tag-news","19":"tag-nyheter","20":"tag-rubriker","21":"tag-se","22":"tag-svenska","23":"tag-sverige","24":"tag-sweden","25":"tag-swedish","26":"tag-top-stories","27":"tag-topstories"},"share_on_mastodon":{"url":"","error":""},"_links":{"self":[{"href":"https:\/\/www.europesays.com\/se\/wp-json\/wp\/v2\/posts\/60042","targetHints":{"allow":["GET"]}}],"collection":[{"href":"https:\/\/www.europesays.com\/se\/wp-json\/wp\/v2\/posts"}],"about":[{"href":"https:\/\/www.europesays.com\/se\/wp-json\/wp\/v2\/types\/post"}],"author":[{"embeddable":true,"href":"https:\/\/www.europesays.com\/se\/wp-json\/wp\/v2\/users\/2"}],"replies":[{"embeddable":true,"href":"https:\/\/www.europesays.com\/se\/wp-json\/wp\/v2\/comments?post=60042"}],"version-history":[{"count":0,"href":"https:\/\/www.europesays.com\/se\/wp-json\/wp\/v2\/posts\/60042\/revisions"}],"wp:featuredmedia":[{"embeddable":true,"href":"https:\/\/www.europesays.com\/se\/wp-json\/wp\/v2\/media\/60043"}],"wp:attachment":[{"href":"https:\/\/www.europesays.com\/se\/wp-json\/wp\/v2\/media?parent=60042"}],"wp:term":[{"taxonomy":"category","embeddable":true,"href":"https:\/\/www.europesays.com\/se\/wp-json\/wp\/v2\/categories?post=60042"},{"taxonomy":"post_tag","embeddable":true,"href":"https:\/\/www.europesays.com\/se\/wp-json\/wp\/v2\/tags?post=60042"}],"curies":[{"name":"wp","href":"https:\/\/api.w.org\/{rel}","templated":true}]}}