{"id":60228,"date":"2025-10-20T18:20:22","date_gmt":"2025-10-20T18:20:22","guid":{"rendered":"https:\/\/www.europesays.com\/se\/60228\/"},"modified":"2025-10-20T18:20:22","modified_gmt":"2025-10-20T18:20:22","slug":"krossar-sin-egen-musik-med-en-slagga","status":"publish","type":"post","link":"https:\/\/www.europesays.com\/se\/60228\/","title":{"rendered":"Krossar sin egen musik med en sl\u00e4gga"},"content":{"rendered":"<p>Publicerad 18 okt 2025 kl 23.38Uppdaterad 20 okt kl 09.34<\/p>\n<p>Det kr\u00e4nger och skumpar som vanligt med Bob Dylan.<\/p>\n<p>En helt egen takth\u00e5llare som blandar rena m\u00e4rkligheter med stunder av briljans.<\/p>\n<p>Senaste klippen fr\u00e5n Expressen inom n\u00f6je.<img   alt=\"\"\/><\/p>\n<p>Bob Dylan under en konsert 2012.<\/p>\n<p>Foto: AP TT NYHETSBYR\u00c5N<\/p>\n<p>\u00d6ppna bild i helsk\u00e4rmBob Dylan, Avicii arena<\/p>\n<p><strong>Betyg:<\/strong> <\/p>\n<p><strong>B\u00e4st:<\/strong> Det kubanska sv\u00e4nget i \u201dWhen I paint my masterpiece\u201d. S\u00e5ngen i \u201dBlack rider\u201d.<\/p>\n<p><strong>S\u00e4mst: <\/strong>Pianospelet tar sig inte under kv\u00e4llen.<\/p>\n<p><strong>\u00d6verraskande: <\/strong>Att han d\u00e4remot gick loss p\u00e5 munspel och gitarr!<\/p>\n<p><strong>St\u00e4mning: <\/strong>And\u00e4ktig.<\/p>\n<p><strong>Spaning: <\/strong>Hur m\u00e5nga chanser f\u00e5r vi mer?<\/p>\n<p>Visa mer<\/p>\n<p>\u201dAllts\u00e5\u2026\u201d<\/p>\n<p>Den gr\u00e5nade amerikanen inne p\u00e5 toaletten pausar ett tag innan han svarar. En ung f\u00f6rstag\u00e5ngsbes\u00f6kare har precis fr\u00e5gat honom om kv\u00e4llens artist fortfarande h\u00e5ller.<\/p>\n<p>\u201dDu kan inte komma hit med n\u00e5gra som helst f\u00f6rv\u00e4ntningar\u201d, svarar amerikanen till slut.<\/p>\n<p>Och s\u00e5 \u00e4r det ju. <a href=\"https:\/\/www.expressen.se\/tagg\/person\/bob-dylan\/\" class=\"\" rel=\"nofollow noopener\" target=\"_blank\">Bob Dylan<\/a> live \u00e4r en helt egen n\u00f6t att kn\u00e4cka. Inte s\u00e4llan genom \u00e5ren brukar folk droppa av i f\u00f6rtid, antagligen f\u00f6rvirrade eller irriterade f\u00f6r att han inte spelar sina hits. Eller att han spelar dem, helt oigenk\u00e4nnliga. Liveartisten Dylan inte bara dekonstruerar sin musik. Han krossar den med en sl\u00e4gga och limmar hj\u00e4lpligt ihop de st\u00f6rre delar som finns kvar.<\/p>\n<p>Starkt motst\u00e5nd<\/p>\n<p>Avicii arena verkar n\u00e4rmast vara fullsatt f\u00f6r kv\u00e4llen n\u00e4r en legendar i svart huvjacka, med starkt motst\u00e5nd mot att fotograferas, glider in p\u00e5 scen p\u00e5 utsatt tid. Mobiler \u00e5ker ner i sm\u00e5 p\u00e5sar som f\u00f6rsluts och inte kan \u00f6ppnas f\u00f6rr\u00e4n efter\u00e5t i entr\u00e9n. I mitt anteckningsblock p\u00e5 v\u00e4g hem l\u00e4ser jag spretiga bokst\u00e4ver nedskrivna i m\u00f6rker:\u00a0<\/p>\n<p>H\u00e4stgn\u00e4gg. Tom Waits och Frankenstein. En mashup av Beatles \u201dGet back\u201d. Munspel! Kubanskt gung. Melodier som uppfinns i stunden.<\/p>\n<p>Fram till f\u00f6r n\u00e5gra veckor sedan var han ute i staterna med Willie Nelson p\u00e5 ambulerande Outlaw Festival. D\u00e5 med en r\u00e4tt l\u00f6ssl\u00e4ppt l\u00e5tlista som inneh\u00f6ll covers p\u00e5 b\u00e5de Jerry Lee Lewis, Bo Diddley och Bobby \u201dBlue\u201d Bland. Nu tillbaka p\u00e5 Rough and Rowdy Ways-turn\u00e9n \u00e5terv\u00e4nder han till samma l\u00e5tgiv som g\u00e4llde innan festivalturn\u00e9n, d\u00e4r ryggraden best\u00e5r av l\u00e5tar fr\u00e5n senaste plattan som gett turn\u00e9n sitt namn. P\u00e5 platta en b\u00e5de lysande och skrovlig samling betraktelser doppade i blues, jazz och tidig rock\u2019n\u2019roll, en malstr\u00f6m av popul\u00e4rmusikaliska namn och referenser med en ber\u00e4ttare i h\u00f6gform. Inne p\u00e5 Avicii Arena blir det ofta inte samma laddning. Ett fyrh\u00f6vdat kompband (med trotj\u00e4naren Tony Garnier p\u00e5 bas) h\u00e5ller huvudpersonen hj\u00e4lpligt innanf\u00f6r avsp\u00e4rrningarna. Dylan sjunger betydligt b\u00e4ttre \u00e4n sitt rykte, men det \u00e4r synd att han v\u00e4ljer att hacka upp \u201dI&#8217;ve Made Up My Mind to Give Myself to You\u201d i sm\u00e5 bitar. Och samtidigt \u00e4r r\u00f6sten i \u201dBlack rider\u201d helt underbar.<\/p>\n<p>Fint utsmyckad<\/p>\n<p>\u201dWhat&#8217;s the matter with me, I don\u2019t have much to say\u201d sjunger han i gamla \u201dWatching the river flow\u201d, en blues som han f\u00f6r kv\u00e4llen utsmyckar fint med b\u00e5de gitarr och munspel. Den som v\u00e4ntar sig att Nobelpristagaren ska h\u00e5lla en utl\u00e4ggning om L\u00e1szl\u00f3 Krasznahorkai \u00e4r f\u00f6rst\u00e5s galen. Vi f\u00e5r ett \u201dthank you\u201d efter \u201dDesolation row\u201d, that\u2019s it.\u00a0<\/p>\n<p>Bob Dylan fyller 85 n\u00e4sta \u00e5r. Det \u00e4r klart att det inte finns s\u00e5 m\u00e5nga turn\u00e9stopp kvar i Sverige f\u00f6r v\u00e5r tids st\u00f6rste l\u00e5tskrivare. Jag har genom \u00e5ren sett honom b\u00e5de mer inspirerad och betydligt mer butter \u00e4n denna h\u00f6stkv\u00e4ll i Avicii Arena. Den som dr\u00f6mmer om en avslutande greatest hits-turn\u00e9 som tack och hej f\u00f6r alla \u00e5r \u00e4r just en dr\u00f6mmare. H\u00e4rn\u00e4st v\u00e4ntar Danmark, Tyskland och Belgien p\u00e5 en av de sista stora. Fler ska hinna f\u00f6rundras och konfunderas innan allt tar slut.<\/p>\n<p>Bob Dylan, l\u00e5tlista<\/p>\n<p>I&#8217;ll Be Your Baby Tonight<\/p>\n<p>It Ain&#8217;t Me, Babe<\/p>\n<p>I Contain Multitudes<\/p>\n<p>False Prophet<\/p>\n<p>When I Paint My Masterpiece<\/p>\n<p>Black Rider<\/p>\n<p>My Own Version of You<\/p>\n<p>To Be Alone With You<\/p>\n<p>Crossing the Rubicon<\/p>\n<p>Desolation Row<\/p>\n<p>Key West (Philosopher Pirate)<\/p>\n<p>Watching the River Flow<\/p>\n<p>It&#8217;s All Over Now, Baby Blue<\/p>\n<p>I&#8217;ve Made Up My Mind to Give Myself to You<\/p>\n<p>Mother of Muses<\/p>\n<p>Goodbye Jimmy Reed<\/p>\n<p>Every Grain of Sand<\/p>\n<p>Visa mer<img loading=\"lazy\"   alt=\"\"\/>\u00d6ppna bild i helsk\u00e4rm<\/p>\n<p>Anders Dahlbom ger dig recensioner fr\u00e5n de st\u00f6rsta och hetaste konserterna. Efter 20 \u00e5r av konsertbes\u00f6k f\u00f6r Expressen N\u00f6je kan du lita p\u00e5 att Anders ger dig recensioner som f\u00e5ngar allt det viktigaste du missade \u2013 eller det du upplevde!<\/p>\n","protected":false},"excerpt":{"rendered":"Publicerad 18 okt 2025 kl 23.38Uppdaterad 20 okt kl 09.34 Det kr\u00e4nger och skumpar som vanligt med Bob&hellip;\n","protected":false},"author":2,"featured_media":60229,"comment_status":"","ping_status":"","sticky":false,"template":"","format":"standard","meta":{"footnotes":""},"categories":[67],"tags":[104,1481,4803,34,775,31,33,32,30,1410,105],"class_list":{"0":"post-60228","1":"post","2":"type-post","3":"status-publish","4":"format-standard","5":"has-post-thumbnail","7":"category-underhallning","8":"tag-entertainment","9":"tag-location-avicii-arena","10":"tag-person-bob-dylan","11":"tag-se","12":"tag-sections-musik","13":"tag-svenska","14":"tag-sverige","15":"tag-sweden","16":"tag-swedish","17":"tag-topic-konsertrecension","18":"tag-underhallning"},"share_on_mastodon":{"url":"","error":""},"_links":{"self":[{"href":"https:\/\/www.europesays.com\/se\/wp-json\/wp\/v2\/posts\/60228","targetHints":{"allow":["GET"]}}],"collection":[{"href":"https:\/\/www.europesays.com\/se\/wp-json\/wp\/v2\/posts"}],"about":[{"href":"https:\/\/www.europesays.com\/se\/wp-json\/wp\/v2\/types\/post"}],"author":[{"embeddable":true,"href":"https:\/\/www.europesays.com\/se\/wp-json\/wp\/v2\/users\/2"}],"replies":[{"embeddable":true,"href":"https:\/\/www.europesays.com\/se\/wp-json\/wp\/v2\/comments?post=60228"}],"version-history":[{"count":0,"href":"https:\/\/www.europesays.com\/se\/wp-json\/wp\/v2\/posts\/60228\/revisions"}],"wp:featuredmedia":[{"embeddable":true,"href":"https:\/\/www.europesays.com\/se\/wp-json\/wp\/v2\/media\/60229"}],"wp:attachment":[{"href":"https:\/\/www.europesays.com\/se\/wp-json\/wp\/v2\/media?parent=60228"}],"wp:term":[{"taxonomy":"category","embeddable":true,"href":"https:\/\/www.europesays.com\/se\/wp-json\/wp\/v2\/categories?post=60228"},{"taxonomy":"post_tag","embeddable":true,"href":"https:\/\/www.europesays.com\/se\/wp-json\/wp\/v2\/tags?post=60228"}],"curies":[{"name":"wp","href":"https:\/\/api.w.org\/{rel}","templated":true}]}}