{"id":60234,"date":"2025-10-20T18:27:09","date_gmt":"2025-10-20T18:27:09","guid":{"rendered":"https:\/\/www.europesays.com\/se\/60234\/"},"modified":"2025-10-20T18:27:09","modified_gmt":"2025-10-20T18:27:09","slug":"fotboll-anna-anvegard-om-tunga-nobben-i-landslaget-svart-att-smalta","status":"publish","type":"post","link":"https:\/\/www.europesays.com\/se\/60234\/","title":{"rendered":"Fotboll: Anna Anveg\u00e5rd om tunga nobben i landslaget: \u201dSv\u00e5rt att sm\u00e4lta\u201d"},"content":{"rendered":"<p>Anna Anveg\u00e5rd har hyllats i \u00e5r, bland annat har skyttedrottningen Felicia Schr\u00f6der sagt att 28-\u00e5ringen, med sin spelintelligens, har en stor del i hennes egen framg\u00e5ng. <\/p>\n<p>N\u00e4r H\u00e4cken besegrade BP med 6\u20130 i dag gjorde Anveg\u00e5rd m\u00e5l f\u00f6r femte matchen i rad. SVT:s exert Hanna Marklund \u00e4r en av de som velat se Anveg\u00e5rd i Bl\u00e5gult och inom laget \u00e4r man f\u00f6rv\u00e5nad \u00f6ver att hon nobbades av Tony Gustavsson. <\/p>\n<p>\u2013 Ja det skulle jag s\u00e4ga. Det \u00e4r jag. Hon \u00e4r s\u00e5 otroligt bra, s\u00e4ger Felicia Schr\u00f6der.<\/p>\n<p>Tr\u00e4nare Mak Lind:<\/p>\n<p>\u2013 Klart att man t\u00e4nker olika som tr\u00e4nare. Men i min bok \u00e4r hon sj\u00e4lvskriven, hon ska spela i landslaget. Men det \u00e4r min personliga \u00e5sikt och man \u00e4r f\u00e4rgad. <\/p>\n<p>Extra tufft<\/p>\n<p>Anveg\u00e5rd var med och tog m\u00e4sterskapsmedaljer i VM 2019 och OS 2021 men har sedan k\u00e4mpat en hel del med skador. I onsdags k\u00e4nde hon dock att chansen till en landslagscomeback var stor.<\/p>\n<p>\u2013 Jag hade v\u00e4ldigt stora f\u00f6rhoppningar och har varit besviken i n\u00e5gra dagar nu. Jag har k\u00e4nt att jag \u00e4r i s\u00e5 bra form och jag har gjort mycket po\u00e4ng, b\u00e5de m\u00e5l och assist. <\/p>\n<p>\u2013 Jag vet inte vad jag hade beh\u00f6vt g\u00f6ra annorlunda heller. Jag tycker \u00e4nd\u00e5 att det \u00e4r tydligt n\u00e4r man ser mig spela vad jag \u00e4r f\u00f6r en spelartyp. Det kanske \u00e4r andra delar jag beh\u00f6ver jobba p\u00e5 f\u00f6r att bli uttagen&#8230; Jag har l\u00e5tit mig sj\u00e4lv vara besviken och ledsen. Man \u00e4r inte mer \u00e4n m\u00e4nniska.<\/p>\n<p>Landslaget samlas i morgon och m\u00f6ter Spanien i semifinal i Nations League p\u00e5 fredag. <\/p>\n<p><strong>ARKIV (8 oktober): <\/strong>Schr\u00f6ders hyllning till Anveg\u00e5rd: \u201dSmartaste spelaren jag spelat med\u201d:<\/p>\n","protected":false},"excerpt":{"rendered":"Anna Anveg\u00e5rd har hyllats i \u00e5r, bland annat har skyttedrottningen Felicia Schr\u00f6der sagt att 28-\u00e5ringen, med sin spelintelligens,&hellip;\n","protected":false},"author":2,"featured_media":60235,"comment_status":"","ping_status":"","sticky":false,"template":"","format":"standard","meta":{"footnotes":""},"categories":[68],"tags":[34,111,110,31,33,32,30],"class_list":{"0":"post-60234","1":"post","2":"type-post","3":"status-publish","4":"format-standard","5":"has-post-thumbnail","7":"category-sport","8":"tag-se","9":"tag-sport","10":"tag-sports","11":"tag-svenska","12":"tag-sverige","13":"tag-sweden","14":"tag-swedish"},"share_on_mastodon":{"url":"","error":""},"_links":{"self":[{"href":"https:\/\/www.europesays.com\/se\/wp-json\/wp\/v2\/posts\/60234","targetHints":{"allow":["GET"]}}],"collection":[{"href":"https:\/\/www.europesays.com\/se\/wp-json\/wp\/v2\/posts"}],"about":[{"href":"https:\/\/www.europesays.com\/se\/wp-json\/wp\/v2\/types\/post"}],"author":[{"embeddable":true,"href":"https:\/\/www.europesays.com\/se\/wp-json\/wp\/v2\/users\/2"}],"replies":[{"embeddable":true,"href":"https:\/\/www.europesays.com\/se\/wp-json\/wp\/v2\/comments?post=60234"}],"version-history":[{"count":0,"href":"https:\/\/www.europesays.com\/se\/wp-json\/wp\/v2\/posts\/60234\/revisions"}],"wp:featuredmedia":[{"embeddable":true,"href":"https:\/\/www.europesays.com\/se\/wp-json\/wp\/v2\/media\/60235"}],"wp:attachment":[{"href":"https:\/\/www.europesays.com\/se\/wp-json\/wp\/v2\/media?parent=60234"}],"wp:term":[{"taxonomy":"category","embeddable":true,"href":"https:\/\/www.europesays.com\/se\/wp-json\/wp\/v2\/categories?post=60234"},{"taxonomy":"post_tag","embeddable":true,"href":"https:\/\/www.europesays.com\/se\/wp-json\/wp\/v2\/tags?post=60234"}],"curies":[{"name":"wp","href":"https:\/\/api.w.org\/{rel}","templated":true}]}}