{"id":60254,"date":"2025-10-20T19:05:17","date_gmt":"2025-10-20T19:05:17","guid":{"rendered":"https:\/\/www.europesays.com\/se\/60254\/"},"modified":"2025-10-20T19:05:17","modified_gmt":"2025-10-20T19:05:17","slug":"mjallbys-hasse-larsson-lugnast-pa-gamla-ullevi-i-guldmatchen-allsvenskan","status":"publish","type":"post","link":"https:\/\/www.europesays.com\/se\/60254\/","title":{"rendered":"Mj\u00e4llbys Hasse Larsson lugnast p\u00e5 Gamla Ullevi i guldmatchen \u2022 Allsvenskan"},"content":{"rendered":"<p><img decoding=\"async\" class=\"image-asset hyperion-css-n6kkq1\" data-test-tag=\"image-asset\" src=\"https:\/\/www.europesays.com\/se\/wp-content\/uploads\/2025\/10\/1760987115_950_ae40e009-9169-433e-9984-aacfbc169ab2\"  alt=\"\"  loading=\"lazy\" fetchpriority=\"auto\" style=\"aspect-ratio:1900 \/ 1900\"\/><img decoding=\"async\" class=\"image-asset hyperion-css-n6kkq1\" data-test-tag=\"image-asset\" src=\"https:\/\/www.europesays.com\/se\/wp-content\/uploads\/2025\/10\/66adfd00-6544-4da7-b63f-93acfc7d6d5f\"  alt=\"\"  loading=\"lazy\" fetchpriority=\"auto\" style=\"aspect-ratio:1900 \/ 1900\"\/><\/p>\n<p class=\"boxtextgrotesk-root_baa6 hyperion-css-1w346fg\">Uppdaterad 21.03 | Publicerad 20.06<\/p>\n<p>share-arrowDela<\/p>\n<p>unsaveSpara<\/p>\n<p>expand-left<\/p>\n<p>helsk\u00e4rm<img decoding=\"async\" class=\"image-asset hyperion-css-u06ts1\" data-test-tag=\"image-asset\" src=\"https:\/\/www.europesays.com\/se\/wp-content\/uploads\/2025\/10\/6009b4d4-ee98-4676-b6bb-447b65fa2b9b\"  alt=\"Hasse Larsson tvingas h\u00e5lla sig lugn p\u00e5 l\u00e4ktaren. \"  loading=\"eager\" fetchpriority=\"high\" style=\"aspect-ratio:1900 \/ 1267\"\/>Hasse Larsson tvingas h\u00e5lla sig lugn p\u00e5 l\u00e4ktaren. Foto: Andreas Hillergren. <\/p>\n<p class=\"hyperion-css-1shl3oz\" data-test-tag=\"lead-text\">G\u00d6TEBORG. Lugnast p\u00e5 Gamla Ullevi i kv\u00e4ll?<\/p>\n<p class=\"hyperion-css-1shl3oz\" data-test-tag=\"lead-text\">Hasse Larsson, otroligt nog.<\/p>\n<p class=\"hyperion-css-1shl3oz\" data-test-tag=\"lead-text\">\u2013 Jag sitter bland prominenta personer, s\u00e4ger Mj\u00e4llby-legendaren och k\u00e4nslom\u00e4nniskan.<\/p>\n<p class=\"hyperion-css-1v9qo5x\">Hasse Larsson brukar ha k\u00e4nslorna utanp\u00e5 kroppen n\u00e4r hans \u00e4lskade <a data-test-tag=\"internal-link\" href=\"https:\/\/www.aftonbladet.se\/tagg\/mjallby-aif\" class=\"hyperion-css-15jkft9\" rel=\"nofollow noopener\" target=\"\" aria-label=\"Mj\u00e4llby AIF\" theme=\"sportbladet\">Mj\u00e4llby AIF<\/a> spelar.<\/p>\n<p class=\"hyperion-css-1v9qo5x\">Sportchefen har setts gapa och gn\u00e4lla p\u00e5 domare och motst\u00e5ndare p\u00e5 de flesta allsvenska arenorna.<\/p>\n<p class=\"hyperion-css-1v9qo5x\">Men n\u00e4r Mj\u00e4llby har sin f\u00f6rsta egna matchboll till det sensationella SM-guldet p\u00e5 Gamla Ullevi mot <a data-test-tag=\"internal-link\" href=\"https:\/\/www.aftonbladet.se\/tagg\/ifk-goteborg\" class=\"hyperion-css-15jkft9\" rel=\"nofollow noopener\" target=\"\" aria-label=\"IFK G\u00f6teborg\" theme=\"sportbladet\">IFK G\u00f6teborg<\/a> \u00e4r han lugnet personifierat.<\/p>\n<p class=\"hyperion-css-1v9qo5x\">Varken n\u00e4r Jacob Bergstr\u00f6m satte ledningsm\u00e5let efter 20 minuter eller n\u00e4r Tom Pettersson ut\u00f6kade en stund senare visade sportchefen n\u00e5gra k\u00e4nsloyttringar.<\/p>\n<p class=\"hyperion-css-1v9qo5x\">\u2013 F\u00f6rsta halvtimmen \u00e4r j\u00e4ttebra. Sista kvarten lite s\u00e4mre, det ska vi r\u00e4tta till nu, s\u00e4ger han i halvtidspausen.<\/p>\n<p>expand-left<\/p>\n<p>helsk\u00e4rm<img decoding=\"async\" class=\"image-asset hyperion-css-u06ts1\" data-test-tag=\"image-asset\" src=\"https:\/\/www.europesays.com\/se\/wp-content\/uploads\/2025\/10\/2e304612-0e95-42cc-b9dd-0c370ca60560\"  alt=\"Hasse Larsson (till v\u00e4nster) inf\u00f6r matchen mellan IFK G\u00f6teborg och Mj\u00e4llby. \"  loading=\"eager\" fetchpriority=\"high\" style=\"aspect-ratio:1900 \/ 1267\"\/>Hasse Larsson (till v\u00e4nster) inf\u00f6r matchen mellan IFK G\u00f6teborg och Mj\u00e4llby. Foto: Andreas Hillergren. \u201dProminenta personer\u201d<\/p>\n<p class=\"hyperion-css-1v9qo5x\">Det b\u00f6rjade med att Hasse Larsson inte hade n\u00e5gon biljett till matchen och  d\u00e4rmed f\u00f6rst ingen plats p\u00e5 l\u00e4ktaren. N\u00e4r IFK G\u00f6teborg sedan fixade en plats  hamnade han p\u00e5 scout-\/pressl\u00e4ktaren.<\/p>\n<p class=\"hyperion-css-1v9qo5x\"><strong>\u00c4r du nerv\u00f6s?<\/strong><\/p>\n<p class=\"hyperion-css-1v9qo5x\">\u2013 Ja det \u00e4r jag. <\/p>\n<p class=\"hyperion-css-1v9qo5x\"><strong>Men du \u00e4r v\u00e4ldigt lugn.<\/strong><\/p>\n<p class=\"hyperion-css-1v9qo5x\">\u2013 Ja, men jag sitter bland prominenta personer d\u00e5 f\u00e5r man ta det lugnt.<\/p>\n<p class=\"hyperion-css-1v9qo5x\"><strong>IFK:are?<\/strong><\/p>\n<p class=\"hyperion-css-1v9qo5x\">\u2013 Ja.<\/p>\n<p class=\"hyperion-css-1v9qo5x\">Vinner Mj\u00e4llby kv\u00e4llens match \u00e4r guldet s\u00e4krat.<\/p>\n<p class=\"hyperion-css-1v9qo5x\">check<strong>Matchen p\u00e5g\u00e5r!<\/strong><\/p>\n<p>H\u00e4ndelserInb\u00f6rdes m\u00f6ten5 senasteLaguppst\u00e4llningTabell<\/p>\n<p>expand-left<\/p>\n<p>helsk\u00e4rm<img decoding=\"async\" class=\"image-asset hyperion-css-u06ts1\" data-test-tag=\"image-asset\" src=\"https:\/\/www.europesays.com\/se\/wp-content\/uploads\/2025\/10\/f3e23310-c79b-4eba-97d5-ddf452f6906d\"  alt=\"Hasse Larsson h\u00e5ller igen direkt efter Mj\u00e4llbys 2\u20130-m\u00e5l.\"  loading=\"eager\" fetchpriority=\"high\" style=\"aspect-ratio:1900 \/ 2533\"\/>Hasse Larsson h\u00e5ller igen direkt efter Mj\u00e4llbys 2\u20130-m\u00e5l. Foto: Johan Flinck. <\/p>\n","protected":false},"excerpt":{"rendered":"Uppdaterad 21.03 | Publicerad 20.06 share-arrowDela unsaveSpara expand-left helsk\u00e4rmHasse Larsson tvingas h\u00e5lla sig lugn p\u00e5 l\u00e4ktaren. Foto: Andreas&hellip;\n","protected":false},"author":2,"featured_media":60255,"comment_status":"","ping_status":"","sticky":false,"template":"","format":"standard","meta":{"footnotes":""},"categories":[5],"tags":[22,23,26,27,17,21,24,25,28,29,15,16,18,34,31,33,32,30,19,20],"class_list":{"0":"post-60254","1":"post","2":"type-post","3":"status-publish","4":"format-standard","5":"has-post-thumbnail","7":"category-rubriker","8":"tag-breaking-news","9":"tag-breakingnews","10":"tag-featured-news","11":"tag-featurednews","12":"tag-headlines","13":"tag-huvudnyheter","14":"tag-latest-news","15":"tag-latestnews","16":"tag-main-news","17":"tag-mainnews","18":"tag-news","19":"tag-nyheter","20":"tag-rubriker","21":"tag-se","22":"tag-svenska","23":"tag-sverige","24":"tag-sweden","25":"tag-swedish","26":"tag-top-stories","27":"tag-topstories"},"share_on_mastodon":{"url":"","error":""},"_links":{"self":[{"href":"https:\/\/www.europesays.com\/se\/wp-json\/wp\/v2\/posts\/60254","targetHints":{"allow":["GET"]}}],"collection":[{"href":"https:\/\/www.europesays.com\/se\/wp-json\/wp\/v2\/posts"}],"about":[{"href":"https:\/\/www.europesays.com\/se\/wp-json\/wp\/v2\/types\/post"}],"author":[{"embeddable":true,"href":"https:\/\/www.europesays.com\/se\/wp-json\/wp\/v2\/users\/2"}],"replies":[{"embeddable":true,"href":"https:\/\/www.europesays.com\/se\/wp-json\/wp\/v2\/comments?post=60254"}],"version-history":[{"count":0,"href":"https:\/\/www.europesays.com\/se\/wp-json\/wp\/v2\/posts\/60254\/revisions"}],"wp:featuredmedia":[{"embeddable":true,"href":"https:\/\/www.europesays.com\/se\/wp-json\/wp\/v2\/media\/60255"}],"wp:attachment":[{"href":"https:\/\/www.europesays.com\/se\/wp-json\/wp\/v2\/media?parent=60254"}],"wp:term":[{"taxonomy":"category","embeddable":true,"href":"https:\/\/www.europesays.com\/se\/wp-json\/wp\/v2\/categories?post=60254"},{"taxonomy":"post_tag","embeddable":true,"href":"https:\/\/www.europesays.com\/se\/wp-json\/wp\/v2\/tags?post=60254"}],"curies":[{"name":"wp","href":"https:\/\/api.w.org\/{rel}","templated":true}]}}