{"id":60272,"date":"2025-10-20T19:37:25","date_gmt":"2025-10-20T19:37:25","guid":{"rendered":"https:\/\/www.europesays.com\/se\/60272\/"},"modified":"2025-10-20T19:37:25","modified_gmt":"2025-10-20T19:37:25","slug":"8-sidor-tjuvar-tog-juveler-i-paris","status":"publish","type":"post","link":"https:\/\/www.europesays.com\/se\/60272\/","title":{"rendered":"8 Sidor &#8211; Tjuvar tog juveler i Paris"},"content":{"rendered":"<p>Tjuvar har stulit dyra juveler<br \/>fr\u00e5n museet Louvren<br \/>i Frankrikes huvudstad Paris.<\/p>\n<p>St\u00f6lden h\u00e4nde<br \/>p\u00e5 bara n\u00e5gra minuter<br \/>tidigt i s\u00f6ndags.<\/p>\n<p>Tjuvarna fick bland annat<br \/>med sig smaragder<br \/>och diamanter som tillh\u00f6rt<br \/>kejsaren Napoleon Bonaparte.<\/p>\n<p>Folk \u00e4r chockade<br \/>\u00f6ver det som h\u00e4nt.<br \/>M\u00e5nga undrar hur s\u00e4kerheten fungerar<br \/>p\u00e5 Paris mest k\u00e4nda museum.<\/p>\n<p>Tjuvarna anv\u00e4nde en<br \/>s\u00e4rskild bil med stege.<br \/>Folk i Paris anv\u00e4nder<br \/>ofta en s\u00e5dan n\u00e4r de ska flytta.<\/p>\n<p>De tog sig in i museet<br \/>genom ett f\u00f6nster.<br \/>Tjuvarna ska sedan<br \/>ha flytt p\u00e5 mopeder.<\/p>\n<p>Poliserna ska ta fast tjuvarna.<br \/>Det s\u00e4ger Frankrikes president<br \/>Emmanuel Macron.<br \/>Han har ocks\u00e5 lovat<br \/>att de stulna juvelerna<br \/>ska l\u00e4mnas tillbaka till museet.<\/p>\n<p>\u00c4n s\u00e5 l\u00e4nge har poliserna<br \/>inte tagit fast n\u00e5gra misst\u00e4nkta.<\/p>\n<p>8 SIDOR\/TT<\/p>\n","protected":false},"excerpt":{"rendered":"Tjuvar har stulit dyra juvelerfr\u00e5n museet Louvreni Frankrikes huvudstad Paris. St\u00f6lden h\u00e4ndep\u00e5 bara n\u00e5gra minutertidigt i s\u00f6ndags. Tjuvarna&hellip;\n","protected":false},"author":2,"featured_media":60273,"comment_status":"","ping_status":"","sticky":false,"template":"","format":"standard","meta":{"footnotes":""},"categories":[5],"tags":[22,23,26,27,17,21,24,25,28,29,15,16,18,34,31,33,32,30,19,20],"class_list":{"0":"post-60272","1":"post","2":"type-post","3":"status-publish","4":"format-standard","5":"has-post-thumbnail","7":"category-rubriker","8":"tag-breaking-news","9":"tag-breakingnews","10":"tag-featured-news","11":"tag-featurednews","12":"tag-headlines","13":"tag-huvudnyheter","14":"tag-latest-news","15":"tag-latestnews","16":"tag-main-news","17":"tag-mainnews","18":"tag-news","19":"tag-nyheter","20":"tag-rubriker","21":"tag-se","22":"tag-svenska","23":"tag-sverige","24":"tag-sweden","25":"tag-swedish","26":"tag-top-stories","27":"tag-topstories"},"share_on_mastodon":{"url":"","error":""},"_links":{"self":[{"href":"https:\/\/www.europesays.com\/se\/wp-json\/wp\/v2\/posts\/60272","targetHints":{"allow":["GET"]}}],"collection":[{"href":"https:\/\/www.europesays.com\/se\/wp-json\/wp\/v2\/posts"}],"about":[{"href":"https:\/\/www.europesays.com\/se\/wp-json\/wp\/v2\/types\/post"}],"author":[{"embeddable":true,"href":"https:\/\/www.europesays.com\/se\/wp-json\/wp\/v2\/users\/2"}],"replies":[{"embeddable":true,"href":"https:\/\/www.europesays.com\/se\/wp-json\/wp\/v2\/comments?post=60272"}],"version-history":[{"count":0,"href":"https:\/\/www.europesays.com\/se\/wp-json\/wp\/v2\/posts\/60272\/revisions"}],"wp:featuredmedia":[{"embeddable":true,"href":"https:\/\/www.europesays.com\/se\/wp-json\/wp\/v2\/media\/60273"}],"wp:attachment":[{"href":"https:\/\/www.europesays.com\/se\/wp-json\/wp\/v2\/media?parent=60272"}],"wp:term":[{"taxonomy":"category","embeddable":true,"href":"https:\/\/www.europesays.com\/se\/wp-json\/wp\/v2\/categories?post=60272"},{"taxonomy":"post_tag","embeddable":true,"href":"https:\/\/www.europesays.com\/se\/wp-json\/wp\/v2\/tags?post=60272"}],"curies":[{"name":"wp","href":"https:\/\/api.w.org\/{rel}","templated":true}]}}