{"id":60287,"date":"2025-10-20T20:04:15","date_gmt":"2025-10-20T20:04:15","guid":{"rendered":"https:\/\/www.europesays.com\/se\/60287\/"},"modified":"2025-10-20T20:04:15","modified_gmt":"2025-10-20T20:04:15","slug":"veckans-horoskop-20-26-oktober-2025-astro-for-alla-stjarntecken","status":"publish","type":"post","link":"https:\/\/www.europesays.com\/se\/60287\/","title":{"rendered":"Veckans horoskop 20 \u2013 26 oktober 2025 \u2013 astro f\u00f6r alla stj\u00e4rntecken"},"content":{"rendered":"<p>Publicerad 20 okt 2025 kl 11.16<\/p>\n<p>Veckohoroskop f\u00f6r vecka 43, signerat Damernas V\u00e4rlds astrolog Margareta Hedin fr\u00e5n ber\u00f6mda Astrobloggen, str\u00e4cker sig fr\u00e5n den 20 till 26 oktober 2025. Skrolla ned f\u00f6r att l\u00e4sa veckans astro f\u00f6r alla stj\u00e4rntecken: Stenbocken, Vattumannen, Fiskarna, V\u00e4duren, Oxen, Tvillingarna, Kr\u00e4ftan, Lejonet, Jungfrun, V\u00e5gen, Skorpionen och Skytten.<\/p>\n<p><img   alt=\"Veckans horoskop 20 \u2013 26 oktober: S\u00e5 blir astrot f\u00f6r vecka 43, 2025\"\/><\/p>\n<p>Veckans horoskop 20 \u2013 26 oktober: S\u00e5 blir astrot f\u00f6r vecka 43, 2025 Foto: Shutterstock, TT<\/p>\n","protected":false},"excerpt":{"rendered":"Publicerad 20 okt 2025 kl 11.16 Veckohoroskop f\u00f6r vecka 43, signerat Damernas V\u00e4rlds astrolog Margareta Hedin fr\u00e5n ber\u00f6mda&hellip;\n","protected":false},"author":2,"featured_media":60288,"comment_status":"","ping_status":"","sticky":false,"template":"","format":"standard","meta":{"footnotes":""},"categories":[67],"tags":[104,34,489,31,33,32,30,105],"class_list":{"0":"post-60287","1":"post","2":"type-post","3":"status-publish","4":"format-standard","5":"has-post-thumbnail","7":"category-underhallning","8":"tag-entertainment","9":"tag-se","10":"tag-sections-horoskop","11":"tag-svenska","12":"tag-sverige","13":"tag-sweden","14":"tag-swedish","15":"tag-underhallning"},"share_on_mastodon":{"url":"","error":""},"_links":{"self":[{"href":"https:\/\/www.europesays.com\/se\/wp-json\/wp\/v2\/posts\/60287","targetHints":{"allow":["GET"]}}],"collection":[{"href":"https:\/\/www.europesays.com\/se\/wp-json\/wp\/v2\/posts"}],"about":[{"href":"https:\/\/www.europesays.com\/se\/wp-json\/wp\/v2\/types\/post"}],"author":[{"embeddable":true,"href":"https:\/\/www.europesays.com\/se\/wp-json\/wp\/v2\/users\/2"}],"replies":[{"embeddable":true,"href":"https:\/\/www.europesays.com\/se\/wp-json\/wp\/v2\/comments?post=60287"}],"version-history":[{"count":0,"href":"https:\/\/www.europesays.com\/se\/wp-json\/wp\/v2\/posts\/60287\/revisions"}],"wp:featuredmedia":[{"embeddable":true,"href":"https:\/\/www.europesays.com\/se\/wp-json\/wp\/v2\/media\/60288"}],"wp:attachment":[{"href":"https:\/\/www.europesays.com\/se\/wp-json\/wp\/v2\/media?parent=60287"}],"wp:term":[{"taxonomy":"category","embeddable":true,"href":"https:\/\/www.europesays.com\/se\/wp-json\/wp\/v2\/categories?post=60287"},{"taxonomy":"post_tag","embeddable":true,"href":"https:\/\/www.europesays.com\/se\/wp-json\/wp\/v2\/tags?post=60287"}],"curies":[{"name":"wp","href":"https:\/\/api.w.org\/{rel}","templated":true}]}}