{"id":60326,"date":"2025-10-20T21:03:17","date_gmt":"2025-10-20T21:03:17","guid":{"rendered":"https:\/\/www.europesays.com\/se\/60326\/"},"modified":"2025-10-20T21:03:17","modified_gmt":"2025-10-20T21:03:17","slug":"sa-mycket-okar-inkomstpensionen-nasta-ar-propensionaren","status":"publish","type":"post","link":"https:\/\/www.europesays.com\/se\/60326\/","title":{"rendered":"S\u00e5 mycket \u00f6kar inkomstpensionen n\u00e4sta \u00e5r &#8211; PROpension\u00e4ren"},"content":{"rendered":"<ol>\n<li><a href=\"https:\/\/news.google.com\/rss\/articles\/CBMidkFVX3lxTE8yOUY2UjV1cTdVcTNnclRPZ3o4alQ0UzhhZ0ZMcW5YRXhmWUZUa21DdHNBY3huTGdyaGtsbnJkNTRWeHBhOS0tTjM1Z0pISGdzLThrVTViU1B6ZkpFQWNpUnRpMEpwN3N4RmVwX0p1ZGFKWjllc2c?oc=5\" target=\"_blank\" rel=\"nofollow noopener\">S\u00e5 mycket \u00f6kar inkomstpensionen n\u00e4sta \u00e5r<\/a>&nbsp;&nbsp;PROpension\u00e4ren<\/li>\n<li><a href=\"https:\/\/news.google.com\/rss\/articles\/CBMijAFBVV95cUxNakFkNGs0Vm0wOUd4V3B4aHBVMGwwUmtLZ3VqQ1NhVU5XNnFkY3kwZk53bWVWeEJ0Q1ZoeWIwQkExZzM2S2Voc3Q2cjMtR1VaZVJHM3A4SHlwRTRtVHJ4Z3NxTUxfQnMyYzZ6SjJySVZqYVJQVEMwMlVhMDRrWTktbHcxQ1FoVl9LZ0ZVYw?oc=5\" target=\"_blank\" rel=\"nofollow noopener\">S\u00e5 mycket h\u00f6js pensionen n\u00e4sta \u00e5r<\/a>&nbsp;&nbsp;Aftonbladet<\/li>\n<li><a href=\"https:\/\/news.google.com\/rss\/articles\/CBMipwFBVV95cUxPMENBVDF0QmthUDRjM3RocE5kYnE3ZHNZdzFTbVExc25TTTEzZzhtenUzaU1uM1hIcHJHbmNYOTJmM01kQlFLanNvbEdYR3NHQ2ZDcTV4bU82WThUUWlpR2FUVUNKMlV4cnROM25IOFhXSUh2a01ybE5nQVE2aDJacjRkNnBvOXVnaEJhYXdrTGt6eEJCVGdtSlVNNENaRjJ2Z1BOdjZIRQ?oc=5\" target=\"_blank\" rel=\"nofollow noopener\">Inkomstpensionen \u00f6kar med 1,9 procent 2026<\/a>&nbsp;&nbsp;Pensionsmyndigheten<\/li>\n<li><a href=\"https:\/\/news.google.com\/rss\/articles\/CBMinAFBVV95cUxPelRsVFBNRGZnWXF6Rk1tV05CMWRHOVhTSG9wcmFNay1xZjZCNGlaU2wzaU9QM1FHSHpWMzVuaU5vLXJtYVQxMHllb0RBUTlvYmlCVS1leC1TcTFaZ1FqY3JUMW9kRjFnMkdYRnpyM3otU0NwbUVUZU5WejNLdER4ZWNKd0ZneFdOcV9DZnRBQ1ptR1RPdlh4cFdpVXY?oc=5\" target=\"_blank\" rel=\"nofollow noopener\">Klart: S\u00e5 mycket h\u00f6js pensionenerna n\u00e4sta \u00e5r<\/a>&nbsp;&nbsp;Privata Aff\u00e4rer<\/li>\n<li><a href=\"https:\/\/news.google.com\/rss\/articles\/CBMiigFBVV95cUxOWmpPeUhSRk1rZUE4ckV1TW1iVGFDUTlkZjFoaUp2WVJrUVR5X2tpc20tZ3o3NDFDY2d1UkdMcGV2WHFoUDRXcjVRcE9QVTZKYkNfWDRyaV80ZnBzNWFvVlhDUEFDSkh2VV9SZ2dHM1lzZkdXV1pCeWdvX21sdVhRVVNLQ2p0TVRTcmc?oc=5\" target=\"_blank\" rel=\"nofollow noopener\">Pensionen h\u00f6js n\u00e4sta \u00e5r \u2013 det h\u00e4r f\u00e5r olika grupper<\/a>&nbsp;&nbsp;Senioren<\/li>\n<\/ol>\n","protected":false},"excerpt":{"rendered":"S\u00e5 mycket \u00f6kar inkomstpensionen n\u00e4sta \u00e5r&nbsp;&nbsp;PROpension\u00e4ren S\u00e5 mycket h\u00f6js pensionen n\u00e4sta \u00e5r&nbsp;&nbsp;Aftonbladet Inkomstpensionen \u00f6kar med 1,9 procent 2026&nbsp;&nbsp;Pensionsmyndigheten&hellip;\n","protected":false},"author":2,"featured_media":60327,"comment_status":"","ping_status":"","sticky":false,"template":"","format":"standard","meta":{"footnotes":""},"categories":[65],"tags":[5654,72,70,71,5655,5656,2973,34,31,33,32,30],"class_list":{"0":"post-60326","1":"post","2":"type-post","3":"status-publish","4":"format-standard","5":"has-post-thumbnail","7":"category-ekonomi","8":"tag-allman-pension","9":"tag-business","10":"tag-economy","11":"tag-ekonomi","12":"tag-garantipension","13":"tag-joel-stade","14":"tag-pensionsmyndigheten","15":"tag-se","16":"tag-svenska","17":"tag-sverige","18":"tag-sweden","19":"tag-swedish"},"share_on_mastodon":{"url":"","error":""},"_links":{"self":[{"href":"https:\/\/www.europesays.com\/se\/wp-json\/wp\/v2\/posts\/60326","targetHints":{"allow":["GET"]}}],"collection":[{"href":"https:\/\/www.europesays.com\/se\/wp-json\/wp\/v2\/posts"}],"about":[{"href":"https:\/\/www.europesays.com\/se\/wp-json\/wp\/v2\/types\/post"}],"author":[{"embeddable":true,"href":"https:\/\/www.europesays.com\/se\/wp-json\/wp\/v2\/users\/2"}],"replies":[{"embeddable":true,"href":"https:\/\/www.europesays.com\/se\/wp-json\/wp\/v2\/comments?post=60326"}],"version-history":[{"count":0,"href":"https:\/\/www.europesays.com\/se\/wp-json\/wp\/v2\/posts\/60326\/revisions"}],"wp:featuredmedia":[{"embeddable":true,"href":"https:\/\/www.europesays.com\/se\/wp-json\/wp\/v2\/media\/60327"}],"wp:attachment":[{"href":"https:\/\/www.europesays.com\/se\/wp-json\/wp\/v2\/media?parent=60326"}],"wp:term":[{"taxonomy":"category","embeddable":true,"href":"https:\/\/www.europesays.com\/se\/wp-json\/wp\/v2\/categories?post=60326"},{"taxonomy":"post_tag","embeddable":true,"href":"https:\/\/www.europesays.com\/se\/wp-json\/wp\/v2\/tags?post=60326"}],"curies":[{"name":"wp","href":"https:\/\/api.w.org\/{rel}","templated":true}]}}