{"id":60328,"date":"2025-10-20T21:06:08","date_gmt":"2025-10-20T21:06:08","guid":{"rendered":"https:\/\/www.europesays.com\/se\/60328\/"},"modified":"2025-10-20T21:06:08","modified_gmt":"2025-10-20T21:06:08","slug":"gront-ljus-for-oljeborrning-oroar-infor-klimatmotet","status":"publish","type":"post","link":"https:\/\/www.europesays.com\/se\/60328\/","title":{"rendered":"Gr\u00f6nt ljus f\u00f6r oljeborrning \u2013 oroar inf\u00f6r klimatm\u00f6tet"},"content":{"rendered":"<p>Brasilianska myndigheter har gett oljej\u00e4tten Petrobras tillst\u00e5nd att borra efter olja i ett omr\u00e5de som kritiker menar riskerar att drabba ursprungsbefolkningar i Amazonas, rapporterar AFP. <\/p>\n<p>Tillst\u00e5ndet beviljas efter en fem \u00e5r l\u00e5ng process och g\u00e4ller f\u00f6r ett kustomr\u00e5de inte l\u00e5ngt ifr\u00e5n d\u00e4r Amazonfloden mynnar ut i Atlanten \u2013 n\u00e5got som oroar milj\u00f6aktivister. <\/p>\n<p>Oljeplanerna st\u00f6ttas av president Lula da Silva och Brasiliens milj\u00f6myndighet anser att tester visat att eventuella oljeutsl\u00e4pp till havs inte riskerar att n\u00e5 kusten och d\u00e4rf\u00f6r inte heller p\u00e5verka ursprungsbefolkningar. <\/p>\n<p>Kritiker p\u00e5pekar ocks\u00e5 att det skickar d\u00e5liga signaler fr\u00e5n Brasilien, som st\u00e5r v\u00e4rd f\u00f6r klimattoppm\u00f6tet COP30 i november. <\/p>\n<p>Omni \u00e4r politiskt obundna och oberoende. Vi str\u00e4var efter att ge fler perspektiv p\u00e5 nyheterna. Har du fr\u00e5gor eller synpunkter kring v\u00e5r rapportering? <a href=\"https:\/\/omni.se\/gront-ljus-for-oljeborrning-oroar-infor-klimatmotet\/a\/mailto:redaktion@omni.se\" class=\"ArticleActions_contactLink__W2F1M\" rel=\"nofollow noopener\" target=\"_blank\">Kontakta redaktionen<\/a><\/p>\n","protected":false},"excerpt":{"rendered":"Brasilianska myndigheter har gett oljej\u00e4tten Petrobras tillst\u00e5nd att borra efter olja i ett omr\u00e5de som kritiker menar riskerar&hellip;\n","protected":false},"author":2,"featured_media":60329,"comment_status":"","ping_status":"","sticky":false,"template":"","format":"standard","meta":{"footnotes":""},"categories":[5],"tags":[707,22,23,26,27,17,21,528,940,24,25,708,28,29,15,16,18,34,31,33,32,30,19,20],"class_list":{"0":"post-60328","1":"post","2":"type-post","3":"status-publish","4":"format-standard","5":"has-post-thumbnail","7":"category-rubriker","8":"tag-brasilien","9":"tag-breaking-news","10":"tag-breakingnews","11":"tag-featured-news","12":"tag-featurednews","13":"tag-headlines","14":"tag-huvudnyheter","15":"tag-klimat-miljo","16":"tag-klimathotet","17":"tag-latest-news","18":"tag-latestnews","19":"tag-latinamerika","20":"tag-main-news","21":"tag-mainnews","22":"tag-news","23":"tag-nyheter","24":"tag-rubriker","25":"tag-se","26":"tag-svenska","27":"tag-sverige","28":"tag-sweden","29":"tag-swedish","30":"tag-top-stories","31":"tag-topstories"},"share_on_mastodon":{"url":"","error":""},"_links":{"self":[{"href":"https:\/\/www.europesays.com\/se\/wp-json\/wp\/v2\/posts\/60328","targetHints":{"allow":["GET"]}}],"collection":[{"href":"https:\/\/www.europesays.com\/se\/wp-json\/wp\/v2\/posts"}],"about":[{"href":"https:\/\/www.europesays.com\/se\/wp-json\/wp\/v2\/types\/post"}],"author":[{"embeddable":true,"href":"https:\/\/www.europesays.com\/se\/wp-json\/wp\/v2\/users\/2"}],"replies":[{"embeddable":true,"href":"https:\/\/www.europesays.com\/se\/wp-json\/wp\/v2\/comments?post=60328"}],"version-history":[{"count":0,"href":"https:\/\/www.europesays.com\/se\/wp-json\/wp\/v2\/posts\/60328\/revisions"}],"wp:featuredmedia":[{"embeddable":true,"href":"https:\/\/www.europesays.com\/se\/wp-json\/wp\/v2\/media\/60329"}],"wp:attachment":[{"href":"https:\/\/www.europesays.com\/se\/wp-json\/wp\/v2\/media?parent=60328"}],"wp:term":[{"taxonomy":"category","embeddable":true,"href":"https:\/\/www.europesays.com\/se\/wp-json\/wp\/v2\/categories?post=60328"},{"taxonomy":"post_tag","embeddable":true,"href":"https:\/\/www.europesays.com\/se\/wp-json\/wp\/v2\/tags?post=60328"}],"curies":[{"name":"wp","href":"https:\/\/api.w.org\/{rel}","templated":true}]}}