{"id":60350,"date":"2025-10-20T21:46:23","date_gmt":"2025-10-20T21:46:23","guid":{"rendered":"https:\/\/www.europesays.com\/se\/60350\/"},"modified":"2025-10-20T21:46:23","modified_gmt":"2025-10-20T21:46:23","slug":"polisstudenter-ska-fa-betald-utbildning","status":"publish","type":"post","link":"https:\/\/www.europesays.com\/se\/60350\/","title":{"rendered":"Polisstudenter ska f\u00e5 betald utbildning"},"content":{"rendered":"<p>Studenter som utbildar sig till polis ska f\u00e5 studiel\u00e5nen avskrivna och nu har regeringens utredare kommit fram till f\u00f6rslag p\u00e5 hur det ska g\u00f6ras.<\/p>\n<p>F\u00f6r att kvalificera sig ska man ha jobbat som polis i minst tre \u00e5r efter grundutbildningen, s\u00e4ger utredaren Jonatan Wahlberg p\u00e5 en presstr\u00e4ff. Sedan ska man ha jobbat i fem \u00e5r till f\u00f6r att f\u00e5 hela sitt studiel\u00e5n \u00e5terbetalt genom ers\u00e4ttning i olika etapper.<\/p>\n<p>Anledningen till f\u00f6r\u00e4ndringarna \u00e4r att regeringen vill att polisyrket ska bli mer attraktivt. Reformerna f\u00f6resl\u00e5s tr\u00e4da i kraft den 1 januari 2027.<\/p>\n<p>Omni \u00e4r politiskt obundna och oberoende. Vi str\u00e4var efter att ge fler perspektiv p\u00e5 nyheterna. Har du fr\u00e5gor eller synpunkter kring v\u00e5r rapportering? <a href=\"https:\/\/omni.se\/polisstudenter-ska-fa-betald-utbildning\/a\/mailto:redaktion@omni.se\" class=\"ArticleActions_contactLink__W2F1M\" rel=\"nofollow noopener\" target=\"_blank\">Kontakta redaktionen<\/a><\/p>\n","protected":false},"excerpt":{"rendered":"Studenter som utbildar sig till polis ska f\u00e5 studiel\u00e5nen avskrivna och nu har regeringens utredare kommit fram till&hellip;\n","protected":false},"author":2,"featured_media":60351,"comment_status":"","ping_status":"","sticky":false,"template":"","format":"standard","meta":{"footnotes":""},"categories":[5],"tags":[22,23,26,27,2613,17,21,24,25,28,29,551,15,16,1274,18,34,31,33,32,30,19,20,2708],"class_list":{"0":"post-60350","1":"post","2":"type-post","3":"status-publish","4":"format-standard","5":"has-post-thumbnail","7":"category-rubriker","8":"tag-breaking-news","9":"tag-breakingnews","10":"tag-featured-news","11":"tag-featurednews","12":"tag-gunnar-strommer","13":"tag-headlines","14":"tag-huvudnyheter","15":"tag-latest-news","16":"tag-latestnews","17":"tag-main-news","18":"tag-mainnews","19":"tag-moderaterna","20":"tag-news","21":"tag-nyheter","22":"tag-polisen","23":"tag-rubriker","24":"tag-se","25":"tag-svenska","26":"tag-sverige","27":"tag-sweden","28":"tag-swedish","29":"tag-top-stories","30":"tag-topstories","31":"tag-utbildning"},"share_on_mastodon":{"url":"","error":""},"_links":{"self":[{"href":"https:\/\/www.europesays.com\/se\/wp-json\/wp\/v2\/posts\/60350","targetHints":{"allow":["GET"]}}],"collection":[{"href":"https:\/\/www.europesays.com\/se\/wp-json\/wp\/v2\/posts"}],"about":[{"href":"https:\/\/www.europesays.com\/se\/wp-json\/wp\/v2\/types\/post"}],"author":[{"embeddable":true,"href":"https:\/\/www.europesays.com\/se\/wp-json\/wp\/v2\/users\/2"}],"replies":[{"embeddable":true,"href":"https:\/\/www.europesays.com\/se\/wp-json\/wp\/v2\/comments?post=60350"}],"version-history":[{"count":0,"href":"https:\/\/www.europesays.com\/se\/wp-json\/wp\/v2\/posts\/60350\/revisions"}],"wp:featuredmedia":[{"embeddable":true,"href":"https:\/\/www.europesays.com\/se\/wp-json\/wp\/v2\/media\/60351"}],"wp:attachment":[{"href":"https:\/\/www.europesays.com\/se\/wp-json\/wp\/v2\/media?parent=60350"}],"wp:term":[{"taxonomy":"category","embeddable":true,"href":"https:\/\/www.europesays.com\/se\/wp-json\/wp\/v2\/categories?post=60350"},{"taxonomy":"post_tag","embeddable":true,"href":"https:\/\/www.europesays.com\/se\/wp-json\/wp\/v2\/tags?post=60350"}],"curies":[{"name":"wp","href":"https:\/\/api.w.org\/{rel}","templated":true}]}}