{"id":60364,"date":"2025-10-20T22:05:10","date_gmt":"2025-10-20T22:05:10","guid":{"rendered":"https:\/\/www.europesays.com\/se\/60364\/"},"modified":"2025-10-20T22:05:10","modified_gmt":"2025-10-20T22:05:10","slug":"prova-styrkelyft-for-tjejer","status":"publish","type":"post","link":"https:\/\/www.europesays.com\/se\/60364\/","title":{"rendered":"Prova styrkelyft f\u00f6r tjejer!"},"content":{"rendered":"<p>\t\t\t\t<img decoding=\"async\" src=\"https:\/\/www.europesays.com\/se\/wp-content\/uploads\/2025\/10\/prova-styrkelyft-foer-tjejer.png\" alt=\"\"\/><\/p>\n<p class=\"article__introduction\">Workshop f\u00f6r tjejer i \u00e5rskurs 6\u20139 (fr\u00e5n 12 \u00e5r)<br \/>\nVill du k\u00e4nna dig starkare, testa n\u00e5got nytt och ha kul tillsammans?<br \/>\nKom och prova styrkelyft med Frida fr\u00e5n Lule\u00e5 Atletklubb!<br \/>\nDu f\u00e5r l\u00e4ra dig grunderna i teknik, balans och styrka \u2013 p\u00e5 ett tryggt och roligt s\u00e4tt.\n<\/p>\n<p>\t&#13;<br \/>\n&#13;<br \/>\n&#13;<\/p>\n<p class=\"MsoNormal\"><strong>N\u00e4r:<\/strong> l\u00f6rdag 25\/10 &amp; s\u00f6ndag 26\/10<\/p>\n<p class=\"br\"><strong>Var:<\/strong> Jokkmokks styrkelyftsklubb<\/p>\n<p class=\"br\"><strong>Vi bjuder p\u00e5 fika!<\/strong><\/p>\n<p class=\"br\"><strong>Max 10 deltagare<\/strong><\/p>\n<p class=\"MsoNormal\">Anm\u00e4l dig senast <strong>24\/10<\/strong> till: <strong>ellen.blind@gmail.com<\/strong><\/p>\n<p>&#13;<\/p>\n","protected":false},"excerpt":{"rendered":"Workshop f\u00f6r tjejer i \u00e5rskurs 6\u20139 (fr\u00e5n 12 \u00e5r) Vill du k\u00e4nna dig starkare, testa n\u00e5got nytt och&hellip;\n","protected":false},"author":2,"featured_media":60365,"comment_status":"","ping_status":"","sticky":false,"template":"","format":"standard","meta":{"footnotes":""},"categories":[67],"tags":[104,34,31,33,32,30,105],"class_list":{"0":"post-60364","1":"post","2":"type-post","3":"status-publish","4":"format-standard","5":"has-post-thumbnail","7":"category-underhallning","8":"tag-entertainment","9":"tag-se","10":"tag-svenska","11":"tag-sverige","12":"tag-sweden","13":"tag-swedish","14":"tag-underhallning"},"share_on_mastodon":{"url":"","error":""},"_links":{"self":[{"href":"https:\/\/www.europesays.com\/se\/wp-json\/wp\/v2\/posts\/60364","targetHints":{"allow":["GET"]}}],"collection":[{"href":"https:\/\/www.europesays.com\/se\/wp-json\/wp\/v2\/posts"}],"about":[{"href":"https:\/\/www.europesays.com\/se\/wp-json\/wp\/v2\/types\/post"}],"author":[{"embeddable":true,"href":"https:\/\/www.europesays.com\/se\/wp-json\/wp\/v2\/users\/2"}],"replies":[{"embeddable":true,"href":"https:\/\/www.europesays.com\/se\/wp-json\/wp\/v2\/comments?post=60364"}],"version-history":[{"count":0,"href":"https:\/\/www.europesays.com\/se\/wp-json\/wp\/v2\/posts\/60364\/revisions"}],"wp:featuredmedia":[{"embeddable":true,"href":"https:\/\/www.europesays.com\/se\/wp-json\/wp\/v2\/media\/60365"}],"wp:attachment":[{"href":"https:\/\/www.europesays.com\/se\/wp-json\/wp\/v2\/media?parent=60364"}],"wp:term":[{"taxonomy":"category","embeddable":true,"href":"https:\/\/www.europesays.com\/se\/wp-json\/wp\/v2\/categories?post=60364"},{"taxonomy":"post_tag","embeddable":true,"href":"https:\/\/www.europesays.com\/se\/wp-json\/wp\/v2\/tags?post=60364"}],"curies":[{"name":"wp","href":"https:\/\/api.w.org\/{rel}","templated":true}]}}