{"id":60373,"date":"2025-10-20T22:42:26","date_gmt":"2025-10-20T22:42:26","guid":{"rendered":"https:\/\/www.europesays.com\/se\/60373\/"},"modified":"2025-10-20T22:42:26","modified_gmt":"2025-10-20T22:42:26","slug":"rysk-gas-ska-bort-senast-2028","status":"publish","type":"post","link":"https:\/\/www.europesays.com\/se\/60373\/","title":{"rendered":"Rysk gas ska bort senast 2028"},"content":{"rendered":"<p>EU:s energiministrar har enats om att f\u00f6rbjuda all import av gas fr\u00e5n Ryssland, enligt ett pressmeddelande. <\/p>\n<p>F\u00f6rslaget inneb\u00e4r ett stegvis f\u00f6rbud mot b\u00e5de flytande och r\u00f6rbunden gas fr\u00e5n Ryssland, med ett fullst\u00e4ndigt f\u00f6rbud fr\u00e5n och med 1 januari 2028. <\/p>\n<p>\u2013 \u00c4ven om vi anstr\u00e4ngt oss f\u00f6r att f\u00e5 bort rysk gas och olja fr\u00e5n Europa under de senaste \u00e5ren, s\u00e5 \u00e4r vi inte d\u00e4r \u00e4n. D\u00e4rf\u00f6r \u00e4r det avg\u00f6rande att det danska ordf\u00f6randeskapet nu har s\u00e4krat ett st\u00f6d fr\u00e5n Europas energiministrar, s\u00e4ger Danmarks energi- och klimatminister Lars Aagaard. <\/p>\n<p>D\u00e4rmed kan f\u00f6rhandlingar inledas med Europaparlamentet. <\/p>\n<p>Ungef\u00e4r 15 procent av EU:s import av flytande naturgas kommer fr\u00e5n Ryssland, vilket inneb\u00e4r en m\u00e5natlig kostnad p\u00e5 cirka 500\u2013700 miljoner euro, skriver Bloomberg. <\/p>\n<p>Omni \u00e4r politiskt obundna och oberoende. Vi str\u00e4var efter att ge fler perspektiv p\u00e5 nyheterna. Har du fr\u00e5gor eller synpunkter kring v\u00e5r rapportering? <a href=\"https:\/\/omni.se\/eu-lander-overens-rysk-gas-ska-bort-senast-2028\/a\/mailto:redaktion@omni.se\" class=\"ArticleActions_contactLink__W2F1M\" rel=\"nofollow noopener\" target=\"_blank\">Kontakta redaktionen<\/a><\/p>\n","protected":false},"excerpt":{"rendered":"EU:s energiministrar har enats om att f\u00f6rbjuda all import av gas fr\u00e5n Ryssland, enligt ett pressmeddelande. F\u00f6rslaget inneb\u00e4r&hellip;\n","protected":false},"author":2,"featured_media":60374,"comment_status":"","ping_status":"","sticky":false,"template":"","format":"standard","meta":{"footnotes":""},"categories":[5],"tags":[22,23,291,73,267,26,27,17,21,24,25,28,29,15,16,18,269,264,34,31,33,32,30,19,20],"class_list":{"0":"post-60373","1":"post","2":"type-post","3":"status-publish","4":"format-standard","5":"has-post-thumbnail","7":"category-rubriker","8":"tag-breaking-news","9":"tag-breakingnews","10":"tag-energi-ravaror","11":"tag-eu","12":"tag-europa","13":"tag-featured-news","14":"tag-featurednews","15":"tag-headlines","16":"tag-huvudnyheter","17":"tag-latest-news","18":"tag-latestnews","19":"tag-main-news","20":"tag-mainnews","21":"tag-news","22":"tag-nyheter","23":"tag-rubriker","24":"tag-ryska-invasionen","25":"tag-ryssland","26":"tag-se","27":"tag-svenska","28":"tag-sverige","29":"tag-sweden","30":"tag-swedish","31":"tag-top-stories","32":"tag-topstories"},"share_on_mastodon":{"url":"","error":""},"_links":{"self":[{"href":"https:\/\/www.europesays.com\/se\/wp-json\/wp\/v2\/posts\/60373","targetHints":{"allow":["GET"]}}],"collection":[{"href":"https:\/\/www.europesays.com\/se\/wp-json\/wp\/v2\/posts"}],"about":[{"href":"https:\/\/www.europesays.com\/se\/wp-json\/wp\/v2\/types\/post"}],"author":[{"embeddable":true,"href":"https:\/\/www.europesays.com\/se\/wp-json\/wp\/v2\/users\/2"}],"replies":[{"embeddable":true,"href":"https:\/\/www.europesays.com\/se\/wp-json\/wp\/v2\/comments?post=60373"}],"version-history":[{"count":0,"href":"https:\/\/www.europesays.com\/se\/wp-json\/wp\/v2\/posts\/60373\/revisions"}],"wp:featuredmedia":[{"embeddable":true,"href":"https:\/\/www.europesays.com\/se\/wp-json\/wp\/v2\/media\/60374"}],"wp:attachment":[{"href":"https:\/\/www.europesays.com\/se\/wp-json\/wp\/v2\/media?parent=60373"}],"wp:term":[{"taxonomy":"category","embeddable":true,"href":"https:\/\/www.europesays.com\/se\/wp-json\/wp\/v2\/categories?post=60373"},{"taxonomy":"post_tag","embeddable":true,"href":"https:\/\/www.europesays.com\/se\/wp-json\/wp\/v2\/tags?post=60373"}],"curies":[{"name":"wp","href":"https:\/\/api.w.org\/{rel}","templated":true}]}}