{"id":60483,"date":"2025-10-21T05:32:12","date_gmt":"2025-10-21T05:32:12","guid":{"rendered":"https:\/\/www.europesays.com\/se\/60483\/"},"modified":"2025-10-21T05:32:12","modified_gmt":"2025-10-21T05:32:12","slug":"amelia-adamo-jag-har-drabbats-av-brostcancer","status":"publish","type":"post","link":"https:\/\/www.europesays.com\/se\/60483\/","title":{"rendered":"Amelia Adamo: Jag har drabbats av br\u00f6stcancer"},"content":{"rendered":"<p>Publicerad 21 okt 2025 kl 07.15<\/p>\n<p>Amelia Adamo har drabbats av br\u00f6stcancer.<\/p>\n<p>Nu skriver hon sj\u00e4lv om sjukdomsbeskedet och k\u00e4nslorna.<\/p>\n<p><img   alt=\"Amelia Adamo fick cancerdiagnosen i oktober, precis efter att hon f\u00f6rel\u00e4st om Rosa bandet.\"\/><\/p>\n<p>Amelia Adamo fick cancerdiagnosen i oktober, precis efter att hon f\u00f6rel\u00e4st om Rosa bandet. Foto: EERO HANNUKAINEN\/IBL<\/p>\n<p>Dela artikel<\/p>\n<p>Kopiera l\u00e4nk<\/p>\n<p>L\u00e4nk kopierad<\/p>\n<p>P\u00e5 sistone har jag f\u00e5tt anv\u00e4nda min stora f\u00f6rm\u00e5ga att dissociera, ett ord som betyder mental flykt fr\u00e5n k\u00e4nslor och tankar. Under sorge\u00e5ret med Lucio l\u00e4rde terapeuten mig att jag skulle dr\u00f6ja i sm\u00e4rtan, det vill s\u00e4ga inte dissociera. Jag skulle ta tag i mina k\u00e4nslor, f\u00f6rdjupa mig, inte fly. D\u00e5 tr\u00e4nade jag p\u00e5 det.<\/p>\n<p>Men nu \u00e4r det tv\u00e4rtom. Nu \u00e4r det bra att jag distraherar mig, t\u00e4nker p\u00e5 annat och anv\u00e4nder mig av min f\u00f6rm\u00e5ga att inte grotta ner mig i oro.\u00a0<\/p>\n<p>F\u00f6r jag har f\u00e5tt br\u00f6stcancer. Jag \u00e4r en av drygt 9\u00a0000 (2023) som \u00e5rligen insjuknar. Men som ocks\u00e5 kan gl\u00e4dja sig \u00e5t vetskapen om att nio av tio blir botade. Sverige \u00e4r framst\u00e5ende n\u00e4r det g\u00e4ller behandling av br\u00f6stcancer.<\/p>\n<blockquote><p>Inuti mig v\u00e4xte tum\u00f6ren som jag d\u00e5 var ovetande om.<\/p><\/blockquote>\n<p><img loading=\"lazy\"   alt=\"Amelia Adamo \u00f6nskar att \u00e4ven \u00e4ldre kvinnor kallades till screening f\u00f6r br\u00f6stcancer\"\/><\/p>\n<p>Amelia Adamo \u00f6nskar att \u00e4ven \u00e4ldre kvinnor kallades till screening f\u00f6r br\u00f6stcancer Foto: Peter Knutson<\/p>\n<p>N\u00e4r det h\u00e4r skrivs ska jag b\u00f6rja min cellgiftsbehandling och sedan blir det operation, har doktorn sagt. Allt detta kom till mig just n\u00e4r Rosa bandet-kampanjen inleddes i oktober hos Karl Fredrik p\u00e5 Eklaholm, designern av \u00e5rets rosa band. \u00d6dets ironi \u00e4r att jag p\u00e5 kampanjdagen stod stolt och ber\u00e4ttade om hur och varf\u00f6r jag startade Rosa bandet-tidningen f\u00f6r Amelia \u00e5r 2001. Inuti mig v\u00e4xte tum\u00f6ren som jag just d\u00e5 var ovetande om.\u00a0<\/p>\n<p>Dagen d\u00e4rp\u00e5 punkterades mitt br\u00f6st och v\u00e4vnadsproverna ber\u00e4ttade att jag har cancer. Hade man kunnat uppt\u00e4cka min cancer tidigare? undrar jag. Jag \u00e4r ju s\u00e5 gammal att jag inte kallats till mammografi p\u00e5 tre \u00e5r. Beslutet om att inte kalla kvinnor till mammografi efter 74 \u00e5rs \u00e5lder tror jag har ekonomiska motiv. Vad vill Socialstyrelsen? Att vi ska d\u00f6 undan? Men vi kostar nog mer i behandling n\u00e4r vi v\u00e4l kommer till l\u00e4karen \u00e4n om cancern konstaterats tidigare. F\u00f6r att inte tala om lidandet. Andelen kvinnor \u00f6ver 75 som drabbas av br\u00f6stcancer \u00e4r mycket h\u00f6g.<\/p>\n<blockquote><p>En sak vet jag alldeles s\u00e4kert: jag \u00e4r i de b\u00e4sta av h\u00e4nder.<\/p><\/blockquote>\n<p>Och hur m\u00e5r jag? Den fr\u00e5gan har jag f\u00e5tt eftersom jag inte m\u00f6rkat det som h\u00e4nt mig. Men jag vet inte riktigt vad jag ska svara. N\u00e4r Lucio dog ifr\u00e5n mig var svaret p\u00e5 hur-m\u00e5r-du-fr\u00e5gan l\u00e4tt. Det var nattsvart och horisonten n\u00e4stan obefintlig. I\u00a0dag finns en horisont och jag m\u00e5r \u00e4nnu inte d\u00e5ligt. S\u00e5 vad ska jag svara? Jag b\u00e4r p\u00e5 en sv\u00e5r sjukdom och jag dissocierar till max.\u00a0<\/p>\n<p>Jag flyr, sysslar med annat, dr\u00f6jer inte i sm\u00e4rtan. P\u00e5 tre dagar har jag konsumerat \u201dFadren\u201d, \u201dBolero\u201d och \u201dSentimental value\u201d \u2013 tv\u00e5 teaterpj\u00e4ser och en film.\u00a0<\/p>\n<p>Mitt liv har alltid levts fram\u00e5t och nu handlar det i allra h\u00f6gsta grad om min nutid. Vad kommer att h\u00e4nda? En sak vet jag alldeles s\u00e4kert: Jag \u00e4r i de b\u00e4sta av h\u00e4nder.<\/p>\n<p>To be continued som det heter i tv-serier.<\/p>\n","protected":false},"excerpt":{"rendered":"Publicerad 21 okt 2025 kl 07.15 Amelia Adamo har drabbats av br\u00f6stcancer. Nu skriver hon sj\u00e4lv om sjukdomsbeskedet&hellip;\n","protected":false},"author":2,"featured_media":60484,"comment_status":"","ping_status":"","sticky":false,"template":"","format":"standard","meta":{"footnotes":""},"categories":[5],"tags":[22,23,26,27,329,17,21,24,25,28,29,15,16,18,34,31,33,32,30,19,20],"class_list":{"0":"post-60483","1":"post","2":"type-post","3":"status-publish","4":"format-standard","5":"has-post-thumbnail","7":"category-rubriker","8":"tag-breaking-news","9":"tag-breakingnews","10":"tag-featured-news","11":"tag-featurednews","12":"tag-function-kvinna","13":"tag-headlines","14":"tag-huvudnyheter","15":"tag-latest-news","16":"tag-latestnews","17":"tag-main-news","18":"tag-mainnews","19":"tag-news","20":"tag-nyheter","21":"tag-rubriker","22":"tag-se","23":"tag-svenska","24":"tag-sverige","25":"tag-sweden","26":"tag-swedish","27":"tag-top-stories","28":"tag-topstories"},"share_on_mastodon":{"url":"","error":""},"_links":{"self":[{"href":"https:\/\/www.europesays.com\/se\/wp-json\/wp\/v2\/posts\/60483","targetHints":{"allow":["GET"]}}],"collection":[{"href":"https:\/\/www.europesays.com\/se\/wp-json\/wp\/v2\/posts"}],"about":[{"href":"https:\/\/www.europesays.com\/se\/wp-json\/wp\/v2\/types\/post"}],"author":[{"embeddable":true,"href":"https:\/\/www.europesays.com\/se\/wp-json\/wp\/v2\/users\/2"}],"replies":[{"embeddable":true,"href":"https:\/\/www.europesays.com\/se\/wp-json\/wp\/v2\/comments?post=60483"}],"version-history":[{"count":0,"href":"https:\/\/www.europesays.com\/se\/wp-json\/wp\/v2\/posts\/60483\/revisions"}],"wp:featuredmedia":[{"embeddable":true,"href":"https:\/\/www.europesays.com\/se\/wp-json\/wp\/v2\/media\/60484"}],"wp:attachment":[{"href":"https:\/\/www.europesays.com\/se\/wp-json\/wp\/v2\/media?parent=60483"}],"wp:term":[{"taxonomy":"category","embeddable":true,"href":"https:\/\/www.europesays.com\/se\/wp-json\/wp\/v2\/categories?post=60483"},{"taxonomy":"post_tag","embeddable":true,"href":"https:\/\/www.europesays.com\/se\/wp-json\/wp\/v2\/tags?post=60483"}],"curies":[{"name":"wp","href":"https:\/\/api.w.org\/{rel}","templated":true}]}}