{"id":60499,"date":"2025-10-21T05:55:39","date_gmt":"2025-10-21T05:55:39","guid":{"rendered":"https:\/\/www.europesays.com\/se\/60499\/"},"modified":"2025-10-21T05:55:39","modified_gmt":"2025-10-21T05:55:39","slug":"sverigebilden-ar-fortsatt-stark-utomlands","status":"publish","type":"post","link":"https:\/\/www.europesays.com\/se\/60499\/","title":{"rendered":"Sverigebilden \u00e4r fortsatt stark utomlands"},"content":{"rendered":"<p>Sverige tappar en placering till nionde plats p\u00e5 listan \u00f6ver v\u00e4rldens mest ansedda l\u00e4nder, enligt \u00e5rets upplaga av Nation Brands Index.<\/p>\n<p>Sverige uppfattas som p\u00e5litligt, konkurrenskraftigt och innovativt, samtidigt som v\u00e5rt starka renomm\u00e9 inom vetenskap, teknik och innovation g\u00f6r svenska produkter och l\u00f6sningar efterfr\u00e5gade, skriver Svenska institutet i ett pressmeddelande.<\/p>\n<p>\u2013 Att det finns en positiv uppfattning om Sverige \u00e4r inte bara viktigt f\u00f6r svensk export och f\u00f6rm\u00e5ga att attrahera talang och investeringar, det \u00e4r ocks\u00e5 en strategisk resurs f\u00f6r v\u00e5r s\u00e4kerhet, s\u00e4ger generaldirekt\u00f6ren Madeleine Sj\u00f6stedt.<\/p>\n<p>USA kommer p\u00e5 plats 14 och halkar f\u00f6r f\u00f6rsta g\u00e5ngen ur topp tio-listan \u00f6ver v\u00e4rldens 50 mest ansedda l\u00e4nder.<\/p>\n<p>Omni \u00e4r politiskt obundna och oberoende. Vi str\u00e4var efter att ge fler perspektiv p\u00e5 nyheterna. Har du fr\u00e5gor eller synpunkter kring v\u00e5r rapportering? <a href=\"https:\/\/omni.se\/matning-sverigebilden-ar-fortsatt-stark-utomlands\/a\/mailto:redaktion@omni.se\" class=\"ArticleActions_contactLink__W2F1M\" rel=\"nofollow noopener\" target=\"_blank\">Kontakta redaktionen<\/a><\/p>\n","protected":false},"excerpt":{"rendered":"Sverige tappar en placering till nionde plats p\u00e5 listan \u00f6ver v\u00e4rldens mest ansedda l\u00e4nder, enligt \u00e5rets upplaga av&hellip;\n","protected":false},"author":2,"featured_media":60500,"comment_status":"","ping_status":"","sticky":false,"template":"","format":"standard","meta":{"footnotes":""},"categories":[12],"tags":[22,23,26,27,17,21,24,25,1714,28,29,15,16,18,34,31,1715,33,32,30,19,20,74],"class_list":{"0":"post-60499","1":"post","2":"type-post","3":"status-publish","4":"format-standard","5":"has-post-thumbnail","7":"category-sverige","8":"tag-breaking-news","9":"tag-breakingnews","10":"tag-featured-news","11":"tag-featurednews","12":"tag-headlines","13":"tag-huvudnyheter","14":"tag-latest-news","15":"tag-latestnews","16":"tag-madeleine-sjostedt","17":"tag-main-news","18":"tag-mainnews","19":"tag-news","20":"tag-nyheter","21":"tag-rubriker","22":"tag-se","23":"tag-svenska","24":"tag-svenska-institutet","25":"tag-sverige","26":"tag-sweden","27":"tag-swedish","28":"tag-top-stories","29":"tag-topstories","30":"tag-usa"},"share_on_mastodon":{"url":"","error":""},"_links":{"self":[{"href":"https:\/\/www.europesays.com\/se\/wp-json\/wp\/v2\/posts\/60499","targetHints":{"allow":["GET"]}}],"collection":[{"href":"https:\/\/www.europesays.com\/se\/wp-json\/wp\/v2\/posts"}],"about":[{"href":"https:\/\/www.europesays.com\/se\/wp-json\/wp\/v2\/types\/post"}],"author":[{"embeddable":true,"href":"https:\/\/www.europesays.com\/se\/wp-json\/wp\/v2\/users\/2"}],"replies":[{"embeddable":true,"href":"https:\/\/www.europesays.com\/se\/wp-json\/wp\/v2\/comments?post=60499"}],"version-history":[{"count":0,"href":"https:\/\/www.europesays.com\/se\/wp-json\/wp\/v2\/posts\/60499\/revisions"}],"wp:featuredmedia":[{"embeddable":true,"href":"https:\/\/www.europesays.com\/se\/wp-json\/wp\/v2\/media\/60500"}],"wp:attachment":[{"href":"https:\/\/www.europesays.com\/se\/wp-json\/wp\/v2\/media?parent=60499"}],"wp:term":[{"taxonomy":"category","embeddable":true,"href":"https:\/\/www.europesays.com\/se\/wp-json\/wp\/v2\/categories?post=60499"},{"taxonomy":"post_tag","embeddable":true,"href":"https:\/\/www.europesays.com\/se\/wp-json\/wp\/v2\/tags?post=60499"}],"curies":[{"name":"wp","href":"https:\/\/api.w.org\/{rel}","templated":true}]}}