{"id":60526,"date":"2025-10-21T06:40:08","date_gmt":"2025-10-21T06:40:08","guid":{"rendered":"https:\/\/www.europesays.com\/se\/60526\/"},"modified":"2025-10-21T06:40:08","modified_gmt":"2025-10-21T06:40:08","slug":"stenastiftelsen-presenterar-2025-ars-kulturstipendiater","status":"publish","type":"post","link":"https:\/\/www.europesays.com\/se\/60526\/","title":{"rendered":"Stenastiftelsen presenterar 2025 \u00e5rs kulturstipendiater"},"content":{"rendered":"<p>&#13;<br \/>\n                        &#13;<br \/>\n&#13;<br \/>\n&#13;<\/p>\n<p>Sten A Olssons Stiftelse f\u00f6r Forskning och Kultur har utsett \u00e5rets sex kulturstipendiater, som vardera erh\u00e5ller 300 000 kronor f\u00f6r att f\u00e5 m\u00f6jlighet att utveckla sitt konstn\u00e4rskap. \u00c5rets stipendiater representerar en bredd av konstformer, fr\u00e5n scenkonst och musik till litteratur, fotografi och bildkonst, och deras verk bidrar till m\u00e5ngfald och kreativitet inom v\u00e4stsvenskt kulturliv.<\/p>\n<p>&#13;<\/p>\n<p style=\"margin-top:12px;\"><img loading=\"lazy\" decoding=\"async\" alt=\"Yukimi Nagano\" height=\"314\" src=\"https:\/\/www.europesays.com\/se\/wp-content\/uploads\/2025\/10\/badbcc0f01d9adab_800x800ar.jpg\" width=\"471\"\/><\/p>\n<p>\u201dJag \u00e4r s\u00e5 tacksam! Att f\u00e5 Stenastiftelsens kulturstipendium betyder att n\u00e5gon ser vad jag g\u00f6r och uppmuntrar det. Att f\u00e5 plats att uttrycka sig \u00e4nnu mer k\u00e4nns v\u00e4ldigt fint\u201d, s\u00e4ger Yukimi Nagano, en av \u00e5rets kulturstipendiater.<\/p>\n<p><strong>2025 \u00e5rs kulturstipendiater:<\/strong><br \/>\u2022 <strong>Phax Ahamada<\/strong>, dansare och scenkonstn\u00e4r<br \/>\u2022 <strong>Trinidad Carrillo<\/strong>, konstn\u00e4r<br \/>\u2022 <strong>Yukimi Nagano<\/strong>, musiker<br \/>\u2022 <strong>Olle Nor\u00e5s<\/strong>, konstn\u00e4r<br \/>\u2022 <strong>Malte Persson<\/strong>, f\u00f6rfattare<br \/>\u2022 <strong>Julia Spors\u00e9n<\/strong>, operas\u00e5ngerska<\/p>\n<p>&#8221;Vi ser konstn\u00e4rer som r\u00f6r sig mellan tradition och nyskapande. Genom Stenastiftelsens kulturstipendium vill vi ge dem f\u00f6ruts\u00e4ttningar att forts\u00e4tta skapa p\u00e5 sina egna villkor&#8221;, s\u00e4ger Madeleine Olsson Eriksson, ordf\u00f6rande i Stenastiftelsen.<\/p>\n<p><strong>Om \u00e5rets stipendiater<\/strong><br \/><strong>Phax Ahamada<\/strong><br \/>Dansare och scenkonstn\u00e4r, verksam inom streetdance och fysisk teater. Internationellt erk\u00e4nd f\u00f6r sin unika stil och sitt arbete som pedagog och mentor f\u00f6r yngre dansare.<\/p>\n<p><strong>Trinidad Carrillo<\/strong><br \/>Konstn\u00e4r och fotograf som f\u00f6renar det dr\u00f6mlika och det vardagliga. I fotoboken Oneiromance (2024) utforskar hon v\u00e4xter och \u00f6rter med magiska och heliga egenskaper i Peru.<\/p>\n<p><strong>Yukimi Nagano<\/strong><br \/>Musiker och tidigare frontfigur i bandet Little Dragon. Soloaktuell med albumet For You (2025), som r\u00f6r sig mellan R&amp;B, soul, electronica, jazz, funk och pop.<\/p>\n<p><strong>Olle Nor\u00e5s<\/strong><br \/>Konstn\u00e4r med ett unders\u00f6kande f\u00f6rh\u00e5llningss\u00e4tt till organiska material och former. Hans verk utforskar m\u00e4nniskans relation till naturen och de processer som formar v\u00e5r omv\u00e4rld.<\/p>\n<p><strong>Malte Persson<\/strong><br \/>F\u00f6rfattare och en ordkonstn\u00e4r som r\u00f6r sig mellan poesi, prosa och \u00f6vers\u00e4ttning. I Skapelser (2024) f\u00f6renas lekfullhet, spr\u00e5kmedvetenhet och precision.<\/p>\n<p><strong>Julia Spors\u00e9n<\/strong><br \/>Operas\u00e5ngerska med en karri\u00e4r som str\u00e4cker sig fr\u00e5n Storbritannien till G\u00f6teborgsoperan. K\u00e4nd f\u00f6r sin uttrycksfulla r\u00f6st och scenn\u00e4rvaro, bland annat i Norma och Otello.<\/p>\n<p><strong>Om Stenastiftelsen<\/strong><br \/>Stenastiftelsen grundades 1996 i samband med skeppsredare Sten A Olssons 80-\u00e5rsdag. Familjens syfte med stiftelsen \u00e4r att st\u00f6dja vetenskaplig forskning och utveckling, konst, kultur och humaniora \u2013 fr\u00e4mst i G\u00f6teborg och v\u00e4stra Sverige.<\/p>\n<p>Sedan starten har stiftelsen beslutat om utdelningar p\u00e5 totalt 600 miljoner kronor till forsknings- och kulturprojekt, \u00f6ver 170 kulturstipendier samt 400 masterstipendier i form av resebidrag. Genom detta arbete har Stenastiftelsen blivit en betydande akt\u00f6r i kulturlivet och forts\u00e4tter sitt engagemang f\u00f6r konstn\u00e4rlig kvalitet och innovation.<\/p>\n<p>&#13;<br \/>\n&#13;<br \/>\n&#13;<\/p>\n<p><strong>F\u00f6r mer information, v\u00e4nligen kontakta:<\/strong><br \/>Charlotta Park\u00e5s<br \/>PR, Stenastiftelsen<br \/>+46 736 606 961<br \/>charlotta.parkas@stenastiftelsen.se<\/p>\n<p>&#13;<\/p>\n","protected":false},"excerpt":{"rendered":"&#13; &#13; &#13; &#13; Sten A Olssons Stiftelse f\u00f6r Forskning och Kultur har utsett \u00e5rets sex kulturstipendiater, som&hellip;\n","protected":false},"author":2,"featured_media":60527,"comment_status":"","ping_status":"","sticky":false,"template":"","format":"standard","meta":{"footnotes":""},"categories":[67],"tags":[104,34,31,33,32,30,105],"class_list":{"0":"post-60526","1":"post","2":"type-post","3":"status-publish","4":"format-standard","5":"has-post-thumbnail","7":"category-underhallning","8":"tag-entertainment","9":"tag-se","10":"tag-svenska","11":"tag-sverige","12":"tag-sweden","13":"tag-swedish","14":"tag-underhallning"},"share_on_mastodon":{"url":"","error":""},"_links":{"self":[{"href":"https:\/\/www.europesays.com\/se\/wp-json\/wp\/v2\/posts\/60526","targetHints":{"allow":["GET"]}}],"collection":[{"href":"https:\/\/www.europesays.com\/se\/wp-json\/wp\/v2\/posts"}],"about":[{"href":"https:\/\/www.europesays.com\/se\/wp-json\/wp\/v2\/types\/post"}],"author":[{"embeddable":true,"href":"https:\/\/www.europesays.com\/se\/wp-json\/wp\/v2\/users\/2"}],"replies":[{"embeddable":true,"href":"https:\/\/www.europesays.com\/se\/wp-json\/wp\/v2\/comments?post=60526"}],"version-history":[{"count":0,"href":"https:\/\/www.europesays.com\/se\/wp-json\/wp\/v2\/posts\/60526\/revisions"}],"wp:featuredmedia":[{"embeddable":true,"href":"https:\/\/www.europesays.com\/se\/wp-json\/wp\/v2\/media\/60527"}],"wp:attachment":[{"href":"https:\/\/www.europesays.com\/se\/wp-json\/wp\/v2\/media?parent=60526"}],"wp:term":[{"taxonomy":"category","embeddable":true,"href":"https:\/\/www.europesays.com\/se\/wp-json\/wp\/v2\/categories?post=60526"},{"taxonomy":"post_tag","embeddable":true,"href":"https:\/\/www.europesays.com\/se\/wp-json\/wp\/v2\/tags?post=60526"}],"curies":[{"name":"wp","href":"https:\/\/api.w.org\/{rel}","templated":true}]}}