{"id":60539,"date":"2025-10-21T06:56:09","date_gmt":"2025-10-21T06:56:09","guid":{"rendered":"https:\/\/www.europesays.com\/se\/60539\/"},"modified":"2025-10-21T06:56:09","modified_gmt":"2025-10-21T06:56:09","slug":"amelia-adamo-har-fatt-brostcancer-3","status":"publish","type":"post","link":"https:\/\/www.europesays.com\/se\/60539\/","title":{"rendered":"Amelia Adamo har f\u00e5tt br\u00f6stcancer"},"content":{"rendered":"<p class=\"boxtextgrotesk-root_baa6 hyperion-css-7pajle\">Uppdaterad 08.40 | Publicerad 08.34<\/p>\n<p>share-arrowDela<\/p>\n<p>unsaveSpara<\/p>\n<p>expand-left<\/p>\n<p>helsk\u00e4rm<img decoding=\"async\" class=\"image-asset hyperion-css-u06ts1\" data-test-tag=\"image-asset\" src=\"https:\/\/www.europesays.com\/se\/wp-content\/uploads\/2025\/10\/d9098533-9d05-4120-a250-c44d17f8cf0d\"  alt=\"Amelia Adamo.\"  loading=\"eager\" fetchpriority=\"high\" style=\"aspect-ratio:1900 \/ 1264\"\/>Amelia Adamo. Foto: Henrik Montgomery \/ TT<\/p>\n<p class=\"hyperion-css-1shl3oz\" data-test-tag=\"lead-text\">Journalisten Amelia Adamo har drabbats av br\u00f6stcancer. \u201d\u00d6dets ironi\u201d, skriver hon i tidningen Amelia.<\/p>\n<p class=\"hyperion-css-1v9qo5x\">D\u00e4r ber\u00e4ttar Amelia Adamo om hur hon fick beskedet medan \u00e5rets Rosa bandet-kampanj inleddes i oktober, enligt Aftonbladet.<\/p>\n<p class=\"hyperion-css-1v9qo5x\">\u201d\u00d6dets ironi \u00e4r att jag p\u00e5 kampanjdagen stod stolt och ber\u00e4ttade om hur och varf\u00f6r jag startade Rosa bandet-tidningen f\u00f6r Amelia \u00e5r 2001. Inuti mig v\u00e4xte tum\u00f6ren som jag just d\u00e5 var ovetande om\u201d, skriver hon.<\/p>\n<p class=\"hyperion-css-1v9qo5x\">Amelia Adamos cancer \u00e4r trippelnegativ, och tenderar allts\u00e5 att ha ett snabbare f\u00f6rlopp. Den \u00e4r dessutom mer ben\u00e4gen att sprida sig. Men hon framh\u00e5ller i tidningen Amelia att nio av tio kvinnor i Sverige blir botade fr\u00e5n sin br\u00f6stcancer. Hon kommer att p\u00e5b\u00f6rja cellgiftbehandling och d\u00e4refter genomg\u00e5 en operation.<\/p>\n<p class=\"hyperion-css-1v9qo5x\">Amelia Adamo, 78, b\u00f6rjade som journalist p\u00e5 Svensk Damtidning. Mellan 1984 och 1991 var hon featurechef p\u00e5 Aftonbladet och 1995 startade hon magasinet Amelia.<\/p>\n","protected":false},"excerpt":{"rendered":"Uppdaterad 08.40 | Publicerad 08.34 share-arrowDela unsaveSpara expand-left helsk\u00e4rmAmelia Adamo. Foto: Henrik Montgomery \/ TT Journalisten Amelia Adamo&hellip;\n","protected":false},"author":2,"featured_media":60540,"comment_status":"","ping_status":"","sticky":false,"template":"","format":"standard","meta":{"footnotes":""},"categories":[67],"tags":[104,34,31,33,32,30,105],"class_list":{"0":"post-60539","1":"post","2":"type-post","3":"status-publish","4":"format-standard","5":"has-post-thumbnail","7":"category-underhallning","8":"tag-entertainment","9":"tag-se","10":"tag-svenska","11":"tag-sverige","12":"tag-sweden","13":"tag-swedish","14":"tag-underhallning"},"share_on_mastodon":{"url":"","error":""},"_links":{"self":[{"href":"https:\/\/www.europesays.com\/se\/wp-json\/wp\/v2\/posts\/60539","targetHints":{"allow":["GET"]}}],"collection":[{"href":"https:\/\/www.europesays.com\/se\/wp-json\/wp\/v2\/posts"}],"about":[{"href":"https:\/\/www.europesays.com\/se\/wp-json\/wp\/v2\/types\/post"}],"author":[{"embeddable":true,"href":"https:\/\/www.europesays.com\/se\/wp-json\/wp\/v2\/users\/2"}],"replies":[{"embeddable":true,"href":"https:\/\/www.europesays.com\/se\/wp-json\/wp\/v2\/comments?post=60539"}],"version-history":[{"count":0,"href":"https:\/\/www.europesays.com\/se\/wp-json\/wp\/v2\/posts\/60539\/revisions"}],"wp:featuredmedia":[{"embeddable":true,"href":"https:\/\/www.europesays.com\/se\/wp-json\/wp\/v2\/media\/60540"}],"wp:attachment":[{"href":"https:\/\/www.europesays.com\/se\/wp-json\/wp\/v2\/media?parent=60539"}],"wp:term":[{"taxonomy":"category","embeddable":true,"href":"https:\/\/www.europesays.com\/se\/wp-json\/wp\/v2\/categories?post=60539"},{"taxonomy":"post_tag","embeddable":true,"href":"https:\/\/www.europesays.com\/se\/wp-json\/wp\/v2\/tags?post=60539"}],"curies":[{"name":"wp","href":"https:\/\/api.w.org\/{rel}","templated":true}]}}