{"id":60584,"date":"2025-10-21T07:43:11","date_gmt":"2025-10-21T07:43:11","guid":{"rendered":"https:\/\/www.europesays.com\/se\/60584\/"},"modified":"2025-10-21T07:43:11","modified_gmt":"2025-10-21T07:43:11","slug":"svenske-johan-eliasch-pekas-ut-hjalper-putin-langdskidor","status":"publish","type":"post","link":"https:\/\/www.europesays.com\/se\/60584\/","title":{"rendered":"Svenske Johan Eliasch pekas ut \u2013 \u201dhj\u00e4lper Putin\u201d | L\u00e4ngdskidor"},"content":{"rendered":"<p>Publicerad 19 okt 2025 kl 11.03Uppdaterad kl 12.24<\/p>\n<p>Svensk-britten Johan Eliasch \u00e4r skidv\u00e4rldens m\u00e4ktigaste man.\u00a0<\/p>\n<p>I en kr\u00f6nika i Norge pekas han nu ut som Putin-v\u00e4nlig, maktgalen och rentav farlig.<\/p>\n<p>Detta inf\u00f6r ett extrainsatt Fis-m\u00f6te d\u00e4r beslut ska fattas kring de ryska idrottarnas deltagande under den kommande s\u00e4songen.<\/p>\n<p><img   alt=\"\"\/><\/p>\n<p>Johan Eliasch och kungen p\u00e5 skid-VM i Trondheim 2025.<\/p>\n<p>Foto: Lise \u00c5serud \/ TT NYHETSBYR\u00c5N<\/p>\n<p>\u00d6ppna bild i helsk\u00e4rm<img loading=\"lazy\"   alt=\"\"\/><\/p>\n<p>Rysslands president Vladimir Putin.<\/p>\n<p>Foto: MIKHAIL METZEL\/SPUTNIK\/KREMLIN POOL \/ EPA SPUTNIK POOL<\/p>\n<p>\u00d6ppna bild i helsk\u00e4rm<\/p>\n<p>\u201dKlockan tickar f\u00f6r Fis-presidenten Johan Eliaschs l\u00e5ngdragna kamp f\u00f6r att f\u00e5 Putins l\u00e4ngdskid\u00e5kare tillbaka p\u00e5 banan i Val di Fiemme under vinter-OS i februari.\u201d<\/p>\n<p><a href=\"https:\/\/www.dagbladet.no\/sport\/hjelper-putin\/83740579\" rel=\"nofollow noopener\" target=\"_blank\">S\u00e5 skriver kr\u00f6nik\u00f6ren Esten O. Saether i norska Dagbladet<\/a> inf\u00f6r ett extrainsatt styrelsem\u00f6te p\u00e5 tisdag, d\u00e4r Fis ska fatta beslut i fr\u00e5gan om de ryska idrottarnas deltagande den kommande s\u00e4songen.\u00a0<\/p>\n<p>I kr\u00f6nikan, med rubriken \u201dHj\u00e4lper Putin\u201d, pekas den svensk-brittiske miljard\u00e4ren Eliasch ut som Putin-v\u00e4nlig, maktgalen och rentav farlig:<\/p>\n<p>\u201dHans kombination av extrem privat f\u00f6rm\u00f6genhet, omfattande internationellt n\u00e4tverk och lust f\u00f6r sportlig makt som har gjort honom farlig i sin position som chef f\u00f6r skid\u00e5kning: Putins v\u00e4n i skidsp\u00e5ret \u00e4r van vid att f\u00e5 som han vill.\u201d<\/p>\n<p>Anklagas f\u00f6r att inte bry sig<\/p>\n<p>Saether skriver \u00e4ven att positionen som Fis-president bara \u00e4r en spr\u00e5ngbr\u00e4da f\u00f6r Eliasch mot att bli president f\u00f6r Internationella olympiska kommitt\u00e9n, en position han kandiderade till tidigare i \u00e5r. Han fick dock bara tv\u00e5 r\u00f6ster n\u00e4r Kirsty Coventry fr\u00e5n Zimbabwe valdes till ny ordf\u00f6rande f\u00f6r IOK.<\/p>\n<p>Enligt kr\u00f6nik\u00f6ren bryr sig Eliasch inte ens om l\u00e4ngdskid\u00e5kningen. Saether lyfter fram presidentens agerande vid VM i Trondheim i vintras:<\/p>\n<p>\u201dHan landade sitt privatplan p\u00e5 Vernes i tid f\u00f6r att hinna med \u00f6ppningsceremonin, tittade pliktskyldigt p\u00e5 lite sport och fotograferades p\u00e5 vip-l\u00e4ktaren med kronprins H\u00e5kon och Sveriges kung. Sedan var bes\u00f6ket slut.\u201d<\/p>\n<p>Eliasch har uttalat sig positivt<\/p>\n<p>Johan Eliasch har tidigare uttalat sig positivt om ryska idrottares deltagande. Tidigare i \u00e5r lyfte han fram l\u00f6sningen p\u00e5 Paris-OS som ett bra exempel, d\u00e4r vissa idrottare fr\u00e5n Ryssland och Belarus fick t\u00e4vla under neutral flagg.<\/p>\n<p>\u2013 Det funkade v\u00e4ldigt bra med belarusiska och ryska atleter. Det \u00e4r viktigt att ha neutralitet i de h\u00e4r fr\u00e5gorna. Atleterna \u00e4r inte ansvariga f\u00f6r var de \u00e4r f\u00f6dda och de ska inte hamna i kl\u00e4m, <a href=\"https:\/\/www.expressen.se\/sport\/langdskidor\/fis-bossen-valkomnar-ryska-idrottare-igen\/\" rel=\"nofollow noopener\" target=\"_blank\">sa Eliasch i januari<\/a>.\u00a0<\/p>\n<p>Tankeg\u00e5ngar som \u00e5terkommer i ett brev som NRK nyligen avsl\u00f6jade att Fis skickat ut till alla sina medlemsl\u00e4nder, d\u00e4r det listas sk\u00e4l till varf\u00f6r det \u00e4r viktigt att de ryska idrottarna f\u00e5r \u00e5terv\u00e4nda till skidsp\u00e5ren.\u00a0<\/p>\n<p>\u201dIdrottare m\u00e5ste st\u00e5 i centrum f\u00f6r hur vi t\u00e4nker, fria fr\u00e5n politisk press och inflytande. Ingen idrottare kan sj\u00e4lv best\u00e4mma var de f\u00f6ds. Med det fokuset m\u00e5ste vi st\u00f6dja alla idrottare och se till att idrottare inte anv\u00e4nds som vapen i ett politiskt spel\u201d, skriver FIS i brevet till de nationella f\u00f6rbunden, enligt <a href=\"https:\/\/www.nrk.no\/sport\/internt-brev-avslorer_-fis-onsker-anonym-avstemning-om-russisk-ol-deltagelse-1.17614771\" rel=\"nofollow noopener\" target=\"_blank\">NRK<\/a>.<\/p>\n<p>Brevet \u00e4r undertecknat av Fis-president Eliasch, generalsekreterare Michel Vion och vd Urs Lehman.<\/p>\n<p>\u201dVillig att anv\u00e4nda alla medel\u201d<\/p>\n<p>NRK:s kommentator Jan Petter Saltvedt beskriver det utskickade brevet som ett onormalt f\u00f6rfarande.\u00a0<\/p>\n<p>\u2013 Jag tolkar det som att Fis-presidenten \u00e4r villig att anv\u00e4nda alla medel f\u00f6r att f\u00e5 tillbaka ryssarna i OS. Det kan vara det som f\u00e5r v\u00e5gsk\u00e5len att tippa till ryssarnas f\u00f6rdel. P\u00e5 tisdag kan ryssarna vara tillbaka, och d\u00e5 blir det ov\u00e4sen, s\u00e4ger han.<\/p>\n<p>Enligt IOK \u00e4r det upp till de olika idrottsf\u00f6rbunden att fatta beslut om huruvida ryska idrottare ska f\u00e5 delta p\u00e5 vinterns OS. Om de till\u00e5ts vara med kommer det att ske som neutrala idrottare.\u00a0<\/p>\n","protected":false},"excerpt":{"rendered":"Publicerad 19 okt 2025 kl 11.03Uppdaterad kl 12.24 Svensk-britten Johan Eliasch \u00e4r skidv\u00e4rldens m\u00e4ktigaste man.\u00a0 I en kr\u00f6nika&hellip;\n","protected":false},"author":2,"featured_media":60585,"comment_status":"","ping_status":"","sticky":false,"template":"","format":"standard","meta":{"footnotes":""},"categories":[68],"tags":[34,857,111,110,31,33,32,30],"class_list":{"0":"post-60584","1":"post","2":"type-post","3":"status-publish","4":"format-standard","5":"has-post-thumbnail","7":"category-sport","8":"tag-se","9":"tag-sections-langdskidor","10":"tag-sport","11":"tag-sports","12":"tag-svenska","13":"tag-sverige","14":"tag-sweden","15":"tag-swedish"},"share_on_mastodon":{"url":"","error":""},"_links":{"self":[{"href":"https:\/\/www.europesays.com\/se\/wp-json\/wp\/v2\/posts\/60584","targetHints":{"allow":["GET"]}}],"collection":[{"href":"https:\/\/www.europesays.com\/se\/wp-json\/wp\/v2\/posts"}],"about":[{"href":"https:\/\/www.europesays.com\/se\/wp-json\/wp\/v2\/types\/post"}],"author":[{"embeddable":true,"href":"https:\/\/www.europesays.com\/se\/wp-json\/wp\/v2\/users\/2"}],"replies":[{"embeddable":true,"href":"https:\/\/www.europesays.com\/se\/wp-json\/wp\/v2\/comments?post=60584"}],"version-history":[{"count":0,"href":"https:\/\/www.europesays.com\/se\/wp-json\/wp\/v2\/posts\/60584\/revisions"}],"wp:featuredmedia":[{"embeddable":true,"href":"https:\/\/www.europesays.com\/se\/wp-json\/wp\/v2\/media\/60585"}],"wp:attachment":[{"href":"https:\/\/www.europesays.com\/se\/wp-json\/wp\/v2\/media?parent=60584"}],"wp:term":[{"taxonomy":"category","embeddable":true,"href":"https:\/\/www.europesays.com\/se\/wp-json\/wp\/v2\/categories?post=60584"},{"taxonomy":"post_tag","embeddable":true,"href":"https:\/\/www.europesays.com\/se\/wp-json\/wp\/v2\/tags?post=60584"}],"curies":[{"name":"wp","href":"https:\/\/api.w.org\/{rel}","templated":true}]}}