{"id":60621,"date":"2025-10-21T08:20:20","date_gmt":"2025-10-21T08:20:20","guid":{"rendered":"https:\/\/www.europesays.com\/se\/60621\/"},"modified":"2025-10-21T08:20:20","modified_gmt":"2025-10-21T08:20:20","slug":"utbildningsminister-simona-mohamsson-l-ja-till-skoluniform","status":"publish","type":"post","link":"https:\/\/www.europesays.com\/se\/60621\/","title":{"rendered":"Utbildningsminister Simona Mohamsson (L): Ja till skoluniform"},"content":{"rendered":"<p>Partiledare Simona Mohamsson (L) s\u00e4ger till Svenska Dagbladet att partiet vill g\u00f6ra det m\u00f6jligt f\u00f6r rektorer att inf\u00f6ra skoluniform f\u00f6r att minska st\u00f6ket i skolan. Hon p\u00e5pekar att Sverige \u00e4r ett av de l\u00e4nder med s\u00e4mst klassrumsdisciplin \u2013 vilket enligt ministern p\u00e5verkar elevernas l\u00e4rande. <\/p>\n<p>I intervjun tar hon ocks\u00e5 upp att elevernas kl\u00e4der blir statusmark\u00f6rer som stressar b\u00e5de f\u00f6r\u00e4ldrar och barn.<\/p>\n<p>\u2013 Det \u00e4r en m\u00f6jlighet att f\u00e5 bort trender som jag ser som v\u00e4ldigt skadliga, s\u00e4ger Mohamsson till tidningen.<\/p>\n<p>Hon s\u00e4ger att det beh\u00f6vs en kulturf\u00f6r\u00e4ndring, samtidigt som hon p\u00e5pekar att f\u00f6rslaget inte \u00e4r en \u201dmirakelkur\u201d som kommer l\u00f6sa alla problem.<\/p>\n<p>Skolinspektionen: Nej till krav p\u00e5 skoluniform<\/p>\n<p>\u00c5r 2017 granskade Skolinspektionen om svenska skolor f\u00e5r st\u00e4lla krav p\u00e5 att elever ska b\u00e4ra skoluniform. Myndigheten landade i att det <a href=\"https:\/\/www.svt.se\/nyheter\/lokalt\/ost\/skolinspektionen-inte-okej-med-skoluniform\" rel=\"nofollow noopener\" target=\"_blank\">inte var f\u00f6renligt<\/a> med skollagen eller l\u00e4roplanen.<\/p>\n<p>\u201dHur man kl\u00e4r sig handlar om individens frihet och integritet. I b\u00e5de skollagen och l\u00e4roplanen framg\u00e5r att denna frihet \u00e4r en del av den v\u00e4rdegrund som ska pr\u00e4gla skolans verksamhet\u201d, skrev myndigheten d\u00e5.<\/p>\n<p>Det \u00e4r dock till\u00e5tet att erbjuda skoluniform, men d\u00e5 ska det vara upp till eleverna om de vill b\u00e4ra uniformen eller inte.<\/p>\n<p>Mohamsson: Skolplikten \u00e4r viktigast<\/p>\n<p>Simona Mohamsson s\u00e4ger till SvD att hon inte tycker att Liberalernas f\u00f6rslag strider mot svensk lag. <\/p>\n<p>\u2013 Jag tycker det viktigaste \u00e4r att vi uppr\u00e4tth\u00e5ller skolplikten i Sverige. Vi har inte f\u00f6reslagit ett obligatorium, utan vill g\u00f6ra det m\u00f6jligt om det beh\u00f6vs.<\/p>\n<p>Liberalernas partistyrelse \u00e4r enig i beslutet och f\u00f6rslaget kommer att l\u00e4ggas fram vid partiets landsm\u00f6te i november.<\/p>\n","protected":false},"excerpt":{"rendered":"Partiledare Simona Mohamsson (L) s\u00e4ger till Svenska Dagbladet att partiet vill g\u00f6ra det m\u00f6jligt f\u00f6r rektorer att inf\u00f6ra&hellip;\n","protected":false},"author":2,"featured_media":60622,"comment_status":"","ping_status":"","sticky":false,"template":"","format":"standard","meta":{"footnotes":""},"categories":[14],"tags":[22,23,26,27,17,21,24,25,28,29,15,16,18,34,31,33,32,30,19,20,51,52,53,54],"class_list":{"0":"post-60621","1":"post","2":"type-post","3":"status-publish","4":"format-standard","5":"has-post-thumbnail","7":"category-varlden","8":"tag-breaking-news","9":"tag-breakingnews","10":"tag-featured-news","11":"tag-featurednews","12":"tag-headlines","13":"tag-huvudnyheter","14":"tag-latest-news","15":"tag-latestnews","16":"tag-main-news","17":"tag-mainnews","18":"tag-news","19":"tag-nyheter","20":"tag-rubriker","21":"tag-se","22":"tag-svenska","23":"tag-sverige","24":"tag-sweden","25":"tag-swedish","26":"tag-top-stories","27":"tag-topstories","28":"tag-varlden","29":"tag-world","30":"tag-world-news","31":"tag-worldnews"},"share_on_mastodon":{"url":"","error":""},"_links":{"self":[{"href":"https:\/\/www.europesays.com\/se\/wp-json\/wp\/v2\/posts\/60621","targetHints":{"allow":["GET"]}}],"collection":[{"href":"https:\/\/www.europesays.com\/se\/wp-json\/wp\/v2\/posts"}],"about":[{"href":"https:\/\/www.europesays.com\/se\/wp-json\/wp\/v2\/types\/post"}],"author":[{"embeddable":true,"href":"https:\/\/www.europesays.com\/se\/wp-json\/wp\/v2\/users\/2"}],"replies":[{"embeddable":true,"href":"https:\/\/www.europesays.com\/se\/wp-json\/wp\/v2\/comments?post=60621"}],"version-history":[{"count":0,"href":"https:\/\/www.europesays.com\/se\/wp-json\/wp\/v2\/posts\/60621\/revisions"}],"wp:featuredmedia":[{"embeddable":true,"href":"https:\/\/www.europesays.com\/se\/wp-json\/wp\/v2\/media\/60622"}],"wp:attachment":[{"href":"https:\/\/www.europesays.com\/se\/wp-json\/wp\/v2\/media?parent=60621"}],"wp:term":[{"taxonomy":"category","embeddable":true,"href":"https:\/\/www.europesays.com\/se\/wp-json\/wp\/v2\/categories?post=60621"},{"taxonomy":"post_tag","embeddable":true,"href":"https:\/\/www.europesays.com\/se\/wp-json\/wp\/v2\/tags?post=60621"}],"curies":[{"name":"wp","href":"https:\/\/api.w.org\/{rel}","templated":true}]}}