{"id":60623,"date":"2025-10-21T08:21:08","date_gmt":"2025-10-21T08:21:08","guid":{"rendered":"https:\/\/www.europesays.com\/se\/60623\/"},"modified":"2025-10-21T08:21:08","modified_gmt":"2025-10-21T08:21:08","slug":"upptrissat-kring-judisk-filmfestival-i-malmo","status":"publish","type":"post","link":"https:\/\/www.europesays.com\/se\/60623\/","title":{"rendered":"Upptrissat kring judisk filmfestival i Malm\u00f6"},"content":{"rendered":"<p>Judisk internationell filmfestivals problem med att hitta en lokal i Malm\u00f6 \u00e4r \u00e4mnet p\u00e5 flera ledarsidor p\u00e5 tisdagsmorgonen.<\/p>\n<p>Alla biografer i staden tackade nej, flera med h\u00e4nvisning till s\u00e4kerheten. Expressens ledarsida menar att biograferna dragit \u00f6ronen \u00e5t sig p\u00e5 grund av utbrett judehat i Malm\u00f6.<\/p>\n<p>\u201dDet fanns inga uttalade hot eller protester mot festivalen. Alla lade sig platt f\u00f6r antisemiter \u2013 i f\u00f6rebyggande syfte.\u201d<\/p>\n<p>DN:s Lina Magnusson st\u00e4ller sig dock fr\u00e5gande. N\u00e5gra bel\u00e4gg f\u00f6r en antisemitisk hotbild mot den judiska festivalen finns mycket riktigt inte, skriver hon. Ist\u00e4llet har ett f\u00f6rfluget uttalande fr\u00e5n festivalens initiativtagare vuxit till en osann historia om att det \u00e4r om\u00f6jligt att ordna judiska evenemang i Malm\u00f6.<\/p>\n<p>Nog \u00e4r den judiska kulturen utsatt, skriver hon, men:<\/p>\n<p>\u201dDe som unnar sig att dras med av sin lite svepande magk\u00e4nsla \u00e4r inte offer f\u00f6r en obehagligt upptrissad st\u00e4mning \u2013 de \u00e4r den obehagligt upptrissade st\u00e4mningen.\u201d<\/p>\n<p>Omnis ledarsvep utg\u00e5r fr\u00e5n de st\u00f6rsta ledarsidorna i Sverige. Urvalet varierar dagligen. <\/p>\n<p>Omni \u00e4r politiskt obundna och oberoende. Vi str\u00e4var efter att ge fler perspektiv p\u00e5 nyheterna. Har du fr\u00e5gor eller synpunkter kring v\u00e5r rapportering? <a href=\"https:\/\/omni.se\/ledare-upptrissat-kring-judisk-filmfestival-i-malmo\/a\/mailto:redaktion@omni.se\" class=\"ArticleActions_contactLink__W2F1M\" rel=\"nofollow noopener\" target=\"_blank\">Kontakta redaktionen<\/a><\/p>\n","protected":false},"excerpt":{"rendered":"Judisk internationell filmfestivals problem med att hitta en lokal i Malm\u00f6 \u00e4r \u00e4mnet p\u00e5 flera ledarsidor p\u00e5 tisdagsmorgonen.&hellip;\n","protected":false},"author":2,"featured_media":60624,"comment_status":"","ping_status":"","sticky":false,"template":"","format":"standard","meta":{"footnotes":""},"categories":[12],"tags":[22,23,26,27,17,21,24,25,511,1633,28,29,417,15,16,18,34,389,31,33,32,30,19,20],"class_list":{"0":"post-60623","1":"post","2":"type-post","3":"status-publish","4":"format-standard","5":"has-post-thumbnail","7":"category-sverige","8":"tag-breaking-news","9":"tag-breakingnews","10":"tag-featured-news","11":"tag-featurednews","12":"tag-headlines","13":"tag-huvudnyheter","14":"tag-latest-news","15":"tag-latestnews","16":"tag-ledare","17":"tag-ledarsvepet","18":"tag-main-news","19":"tag-mainnews","20":"tag-malmo","21":"tag-news","22":"tag-nyheter","23":"tag-rubriker","24":"tag-se","25":"tag-skane-lan","26":"tag-svenska","27":"tag-sverige","28":"tag-sweden","29":"tag-swedish","30":"tag-top-stories","31":"tag-topstories"},"share_on_mastodon":{"url":"","error":""},"_links":{"self":[{"href":"https:\/\/www.europesays.com\/se\/wp-json\/wp\/v2\/posts\/60623","targetHints":{"allow":["GET"]}}],"collection":[{"href":"https:\/\/www.europesays.com\/se\/wp-json\/wp\/v2\/posts"}],"about":[{"href":"https:\/\/www.europesays.com\/se\/wp-json\/wp\/v2\/types\/post"}],"author":[{"embeddable":true,"href":"https:\/\/www.europesays.com\/se\/wp-json\/wp\/v2\/users\/2"}],"replies":[{"embeddable":true,"href":"https:\/\/www.europesays.com\/se\/wp-json\/wp\/v2\/comments?post=60623"}],"version-history":[{"count":0,"href":"https:\/\/www.europesays.com\/se\/wp-json\/wp\/v2\/posts\/60623\/revisions"}],"wp:featuredmedia":[{"embeddable":true,"href":"https:\/\/www.europesays.com\/se\/wp-json\/wp\/v2\/media\/60624"}],"wp:attachment":[{"href":"https:\/\/www.europesays.com\/se\/wp-json\/wp\/v2\/media?parent=60623"}],"wp:term":[{"taxonomy":"category","embeddable":true,"href":"https:\/\/www.europesays.com\/se\/wp-json\/wp\/v2\/categories?post=60623"},{"taxonomy":"post_tag","embeddable":true,"href":"https:\/\/www.europesays.com\/se\/wp-json\/wp\/v2\/tags?post=60623"}],"curies":[{"name":"wp","href":"https:\/\/api.w.org\/{rel}","templated":true}]}}