{"id":60626,"date":"2025-10-21T08:23:07","date_gmt":"2025-10-21T08:23:07","guid":{"rendered":"https:\/\/www.europesays.com\/se\/60626\/"},"modified":"2025-10-21T08:23:07","modified_gmt":"2025-10-21T08:23:07","slug":"nytt-nummer-av-forte-magasin-forskning-som-ger-barn-och-unga-en-battre-start-i-livet","status":"publish","type":"post","link":"https:\/\/www.europesays.com\/se\/60626\/","title":{"rendered":"Nytt nummer av Forte Magasin: Forskning som ger barn och unga en b\u00e4ttre start i livet"},"content":{"rendered":"<p class=\"normal\">De flesta barn i Sverige v\u00e4xer upp i trygga milj\u00f6er och m\u00e5r bra. Samtidigt finns det fortfarande stora och v\u00e4xande skillnader som p\u00e5verkar barns h\u00e4lsa, skolg\u00e5ng och framtida m\u00f6jligheter. Att ge alla barn en bra start i livet \u00e4r inte bara en fr\u00e5ga om r\u00e4ttvisa \u2013 det \u00e4r en av de viktigaste investeringarna vi kan g\u00f6ra f\u00f6r ett h\u00e5llbart och sammanh\u00e5llet samh\u00e4lle.<\/p>\n<p class=\"normal\">\u2013 Trygghet, st\u00f6d och stabila relationer \u00e4r avg\u00f6rande f\u00f6r barns utveckling. N\u00e4r samh\u00e4llets skyddsn\u00e4t sviktar kan konsekvenserna bli stora \u2013 f\u00f6r individen och f\u00f6r samh\u00e4llet. Oh\u00e4lsa, utanf\u00f6rskap och kriminalitet grundl\u00e4ggs ofta tidigt, men tidiga och r\u00e4tt riktade insatser kan f\u00f6r\u00e4ndra livsbanor, s\u00e4ger Jonas Bj\u00f6rck, generaldirekt\u00f6r p\u00e5 Forte.<\/p>\n<p class=\"normal\">F\u00f6r att skapa goda uppv\u00e4xtvillkor kr\u00e4vs gemensamma krafttag. Skola, barnh\u00e4lsov\u00e5rd, socialtj\u00e4nst och civilsamh\u00e4lle m\u00e5ste samverka f\u00f6r att tidigt uppt\u00e4cka och st\u00f6tta barn i utsatthet. Men vi beh\u00f6ver ocks\u00e5 mer kunskap om vad som faktiskt g\u00f6r skillnad. Hur kan vi f\u00f6rebygga psykisk oh\u00e4lsa? Vad kan motverka utanf\u00f6rskap och st\u00e4rka ungas v\u00e4g in i studier och arbete?<\/p>\n<p class=\"normal\">\u2013 Forte har l\u00e4nge lyft behovet av mer forskning p\u00e5 omr\u00e5det. D\u00e4rf\u00f6r \u00e4r vi glada \u00f6ver att regeringens gett oss i uppdrag att etablera ett tio\u00e5rigt, nationellt forskningsprogram om barn och ungas uppv\u00e4xtvillkor och h\u00e4lsa \u2013 ett avg\u00f6rande steg mot att ge fler barn b\u00e4ttre f\u00f6ruts\u00e4ttningar i livet, s\u00e4ger Jonas Bj\u00f6rck.<\/p>\n<p class=\"normal\">I detta nummer av Forte Magasin s\u00e4tter vi barn och ungas livsvillkor och h\u00e4lsa i fokus, men vi lyfter ocks\u00e5 annan samh\u00e4llsrelevant forskning som ber\u00f6r oss alla och som kan bidra till ett b\u00e4ttre liv \u2013 h\u00e4r och nu, och f\u00f6r framtida generationer.<\/p>\n<p class=\"normal\"><a href=\"https:\/\/forte.se\/upptack-forskning\/publikationer\/forte-magasin-2-2025\" rel=\"nofollow noopener\" target=\"_blank\">L\u00e4s senaste numret av Forte Magasin<\/a><\/p>\n<p class=\"normal\"><a href=\"https:\/\/forte.se\/nyheter-och-evenemang\/forte-magasin\/prenumerera\" rel=\"nofollow noopener\" target=\"_blank\">Bli prenumerant p\u00e5 Forte Magasin \u2013 helt kostnadsfritt L\u00e4nk till annan webbplats.<\/a><\/p>\n","protected":false},"excerpt":{"rendered":"De flesta barn i Sverige v\u00e4xer upp i trygga milj\u00f6er och m\u00e5r bra. Samtidigt finns det fortfarande stora&hellip;\n","protected":false},"author":2,"featured_media":60627,"comment_status":"","ping_status":"","sticky":false,"template":"","format":"standard","meta":{"footnotes":""},"categories":[69],"tags":[113,112,34,31,33,32,30],"class_list":{"0":"post-60626","1":"post","2":"type-post","3":"status-publish","4":"format-standard","5":"has-post-thumbnail","7":"category-halsa","8":"tag-halsa","9":"tag-health","10":"tag-se","11":"tag-svenska","12":"tag-sverige","13":"tag-sweden","14":"tag-swedish"},"share_on_mastodon":{"url":"","error":""},"_links":{"self":[{"href":"https:\/\/www.europesays.com\/se\/wp-json\/wp\/v2\/posts\/60626","targetHints":{"allow":["GET"]}}],"collection":[{"href":"https:\/\/www.europesays.com\/se\/wp-json\/wp\/v2\/posts"}],"about":[{"href":"https:\/\/www.europesays.com\/se\/wp-json\/wp\/v2\/types\/post"}],"author":[{"embeddable":true,"href":"https:\/\/www.europesays.com\/se\/wp-json\/wp\/v2\/users\/2"}],"replies":[{"embeddable":true,"href":"https:\/\/www.europesays.com\/se\/wp-json\/wp\/v2\/comments?post=60626"}],"version-history":[{"count":0,"href":"https:\/\/www.europesays.com\/se\/wp-json\/wp\/v2\/posts\/60626\/revisions"}],"wp:featuredmedia":[{"embeddable":true,"href":"https:\/\/www.europesays.com\/se\/wp-json\/wp\/v2\/media\/60627"}],"wp:attachment":[{"href":"https:\/\/www.europesays.com\/se\/wp-json\/wp\/v2\/media?parent=60626"}],"wp:term":[{"taxonomy":"category","embeddable":true,"href":"https:\/\/www.europesays.com\/se\/wp-json\/wp\/v2\/categories?post=60626"},{"taxonomy":"post_tag","embeddable":true,"href":"https:\/\/www.europesays.com\/se\/wp-json\/wp\/v2\/tags?post=60626"}],"curies":[{"name":"wp","href":"https:\/\/api.w.org\/{rel}","templated":true}]}}