{"id":60670,"date":"2025-10-21T09:02:08","date_gmt":"2025-10-21T09:02:08","guid":{"rendered":"https:\/\/www.europesays.com\/se\/60670\/"},"modified":"2025-10-21T09:02:08","modified_gmt":"2025-10-21T09:02:08","slug":"sean-dyche-tar-over-nottingham-forest","status":"publish","type":"post","link":"https:\/\/www.europesays.com\/se\/60670\/","title":{"rendered":"Sean Dyche tar \u00f6ver Nottingham Forest"},"content":{"rendered":"<p>I 39 dagar fick Ange Postecoglou tr\u00e4na den engelska klubben Nottingham Forest innan han fick sparken. Nu har Premier League-klubben utsett veteranen Sean Dyche till ny huvudtr\u00e4nare, rapporterar flera medier.<\/p>\n<p>\u201dDyche \u00e4r en respekterad och erfaren Premier League-manager som har den perfekta kombinationen av karakt\u00e4r, taktisk skicklighet och bepr\u00f6vade framg\u00e5ngar f\u00f6r att leda klubben in i n\u00e4sta kapitel\u201d, skriver klubben i ett pressmeddelande.<\/p>\n<p>Sean Dyches kontrakt str\u00e4cker sig fram till sommaren 2027. Hans senaste tr\u00e4naruppdrag var i Everton FC.<\/p>\n<p>Omni \u00e4r politiskt obundna och oberoende. Vi str\u00e4var efter att ge fler perspektiv p\u00e5 nyheterna. Har du fr\u00e5gor eller synpunkter kring v\u00e5r rapportering? <a href=\"https:\/\/omni.se\/sean-dyche-tar-over-nottingham-forest\/a\/mailto:redaktion@omni.se\" class=\"ArticleActions_contactLink__W2F1M\" rel=\"nofollow noopener\" target=\"_blank\">Kontakta redaktionen<\/a><\/p>\n","protected":false},"excerpt":{"rendered":"I 39 dagar fick Ange Postecoglou tr\u00e4na den engelska klubben Nottingham Forest innan han fick sparken. Nu har&hellip;\n","protected":false},"author":2,"featured_media":60671,"comment_status":"","ping_status":"","sticky":false,"template":"","format":"standard","meta":{"footnotes":""},"categories":[5],"tags":[5679,22,23,26,27,138,17,21,24,25,28,29,15,3310,16,140,18,34,31,33,32,30,19,20],"class_list":{"0":"post-60670","1":"post","2":"type-post","3":"status-publish","4":"format-standard","5":"has-post-thumbnail","7":"category-rubriker","8":"tag-ange-postecoglou","9":"tag-breaking-news","10":"tag-breakingnews","11":"tag-featured-news","12":"tag-featurednews","13":"tag-fotboll","14":"tag-headlines","15":"tag-huvudnyheter","16":"tag-latest-news","17":"tag-latestnews","18":"tag-main-news","19":"tag-mainnews","20":"tag-news","21":"tag-nottingham-forest-fc","22":"tag-nyheter","23":"tag-premier-league","24":"tag-rubriker","25":"tag-se","26":"tag-svenska","27":"tag-sverige","28":"tag-sweden","29":"tag-swedish","30":"tag-top-stories","31":"tag-topstories"},"share_on_mastodon":{"url":"","error":""},"_links":{"self":[{"href":"https:\/\/www.europesays.com\/se\/wp-json\/wp\/v2\/posts\/60670","targetHints":{"allow":["GET"]}}],"collection":[{"href":"https:\/\/www.europesays.com\/se\/wp-json\/wp\/v2\/posts"}],"about":[{"href":"https:\/\/www.europesays.com\/se\/wp-json\/wp\/v2\/types\/post"}],"author":[{"embeddable":true,"href":"https:\/\/www.europesays.com\/se\/wp-json\/wp\/v2\/users\/2"}],"replies":[{"embeddable":true,"href":"https:\/\/www.europesays.com\/se\/wp-json\/wp\/v2\/comments?post=60670"}],"version-history":[{"count":0,"href":"https:\/\/www.europesays.com\/se\/wp-json\/wp\/v2\/posts\/60670\/revisions"}],"wp:featuredmedia":[{"embeddable":true,"href":"https:\/\/www.europesays.com\/se\/wp-json\/wp\/v2\/media\/60671"}],"wp:attachment":[{"href":"https:\/\/www.europesays.com\/se\/wp-json\/wp\/v2\/media?parent=60670"}],"wp:term":[{"taxonomy":"category","embeddable":true,"href":"https:\/\/www.europesays.com\/se\/wp-json\/wp\/v2\/categories?post=60670"},{"taxonomy":"post_tag","embeddable":true,"href":"https:\/\/www.europesays.com\/se\/wp-json\/wp\/v2\/tags?post=60670"}],"curies":[{"name":"wp","href":"https:\/\/api.w.org\/{rel}","templated":true}]}}