{"id":60761,"date":"2025-10-21T10:55:28","date_gmt":"2025-10-21T10:55:28","guid":{"rendered":"https:\/\/www.europesays.com\/se\/60761\/"},"modified":"2025-10-21T10:55:28","modified_gmt":"2025-10-21T10:55:28","slug":"lorena-delgado-varas-anmaler-utrikesministern-till-konstitutionsutskottet","status":"publish","type":"post","link":"https:\/\/www.europesays.com\/se\/60761\/","title":{"rendered":"Lorena Delgado Varas anm\u00e4ler utrikesministern till konstitutionsutskottet"},"content":{"rendered":"<p class=\"has-medium-font-size\">\u201cIngen av de f\u00e4ngslade svenskarna i Israel ber\u00e4ttade n\u00e5got om misshandeln, d\u00e5 ambassadpersonal kom p\u00e5 bes\u00f6k\u201d, uppgav b\u00e5de utrikesministern och en h\u00f6gt uppsatt tj\u00e4nsteman p\u00e5 Utrikesdepartementet offentligt, trots att flera av de f\u00e4ngslade uppgett bla f\u00f6r Aftonbladet att de ber\u00e4ttat f\u00f6r svensk ambassadpersonal i detalj om misshandel och f\u00f6rnedrande behandling. <br \/>Nu anm\u00e4ler riksdagsledamoten Lorena Delgado Varas, som var deltagare i Global Sumud Flotilla, utrikesminister Maria Malmer Stenergard till Konstitutionsutskottet. <br \/>Internationalen publicerar h\u00e4r Delgado Varas anm\u00e4lan. <\/p>\n<p>Fokus|\u00c5sa Mattsson<\/p>\n<p>\u201dTill Konstitutionsutskottet<\/p>\n<p>Beg\u00e4ran om granskning av utrikesminister Malmer Stenerg\u00e5rds uttalanden om svenska medborgare frihetsber\u00f6vade i Israel<\/p>\n<p>Undertecknad anm\u00e4ler h\u00e4rmed utrikesminister Malmer Stenerg\u00e5rd till konstitutionsutskottet f\u00f6r granskning av hennes offentliga uttalanden om hanteringen av svenska medborgare som f\u00e4ngslades i Israel efter den israeliska attacken mot Global Sumud Flotilla p\u00e5 internationellt vatten i september 2025.<\/p>\n<p>Enligt en artikel i Aftonbladet den 18 oktober 2025 (\u201dF\u00e4ngslade svenskarna till attack mot Malmer Stenerg\u00e5rd: Ren l\u00f6gn\u201d) uppgav b\u00e5de utrikesministern och en h\u00f6gt uppsatt tj\u00e4nsteman p\u00e5 Utrikesdepartementet offentligt att:<\/p>\n<p>\u201cIngen av de f\u00e4ngslade svenskarna i Israel ber\u00e4ttade n\u00e5got om misshandeln, d\u00e5 ambassadpersonal kom p\u00e5 bes\u00f6k.\u201d<\/p>\n<p>Detta p\u00e5st\u00e5ende mots\u00e4gs direkt av flera av de svenska medborgarna som h\u00f6lls f\u00e4ngslade. De uppger i artikeln att svensk ambassadpersonal bes\u00f6kte f\u00e4ngelset och att de d\u00e5 ber\u00e4ttade i detalj om den misshandel och f\u00f6rnedrande behandling de utsatts f\u00f6r. De bad \u00e4ven personalen att dokumentera h\u00e4ndelserna och f\u00f6ra vidare informationen till sina kontaktpersoner. Trots detta tonade UD enligt uppgifterna ned allvaret i kommunikationen med deras anh\u00f6riga, och utrikesministern f\u00f6rmedlade offentligt en bild som inte st\u00e4mmer \u00f6verens med de faktiska uppgifterna.<\/p>\n<p>Det \u00e4r av konstitutionell betydelse om ett statsr\u00e5d l\u00e4mnar felaktiga eller vilseledande uppgifter i ett p\u00e5g\u00e5ende fall som r\u00f6r svenska medborgares s\u00e4kerhet, behandling i utl\u00e4ndskt f\u00e4ngelse och statens konsul\u00e4ra ansvar.<\/p>\n<p>Regeringsformen 1 kap. 9 \u00a7 fastsl\u00e5r att den offentliga makten ska ut\u00f6vas med saklighet och opartiskhet. Enligt 12 kap. 1 \u00a7 RF ansvarar statsr\u00e5d f\u00f6r hur deras uppgifter fullg\u00f6rs. Det \u00e4r sedan l\u00e4nge etablerad praxis att statsr\u00e5d inte f\u00e5r l\u00e4mna oriktiga eller missvisande uppgifter till vare sig riksdagen eller allm\u00e4nheten. Detta \u00e4r s\u00e4rskilt allvarligt i \u00e4renden som r\u00f6r frihetsber\u00f6vade svenska medborgare i andra l\u00e4nder.<\/p>\n<p>Konstitutionsutskottet har tidigare betonat vikten av att statsr\u00e5d agerar med st\u00f6rsta m\u00f6jliga tydlighet och saklighet i fr\u00e5gor som r\u00f6r konsul\u00e4ra insatser och krishantering, samt att tilltron till statens agerande inte f\u00e5r undergr\u00e4vas genom felaktig eller nedtonad information.<\/p>\n<p>Jag anser att konstitutionsutskottet b\u00f6r granska om utrikesministern:<br \/>\u2022 l\u00e4mnat vilseledande uppgifter om vad som framkom vid ambassadpersonalens bes\u00f6k,<br \/>\u2022 agerat i enlighet med regeringsformens krav p\u00e5 saklighet, opartiskhet och ansvar,<br \/>\u2022 brustit i sitt ansvar att informera korrekt om Sveriges konsul\u00e4ra agerande gentemot anh\u00f6riga och allm\u00e4nhet.<\/p>\n<p>Jag anser vidare att konstitutionsutskottet b\u00f6r granska hur ministerns agerande f\u00f6rh\u00e5ller sig till KU:s tidigare uttalanden om vikten av korrekt information i fr\u00e5gor som r\u00f6r svenska medborgares s\u00e4kerhet utomlands, samt de principer som ska uppr\u00e4tth\u00e5lla f\u00f6rtroendet f\u00f6r regeringen och enskilda statsr\u00e5d.\u201d<\/p>\n<p>Stockholm den 20 oktober 2025<\/p>\n<p>Lorena Delgado Varas<br \/>Riksdagsledamot<\/p>\n","protected":false},"excerpt":{"rendered":"\u201cIngen av de f\u00e4ngslade svenskarna i Israel ber\u00e4ttade n\u00e5got om misshandeln, d\u00e5 ambassadpersonal kom p\u00e5 bes\u00f6k\u201d, uppgav b\u00e5de&hellip;\n","protected":false},"author":2,"featured_media":60762,"comment_status":"","ping_status":"","sticky":false,"template":"","format":"standard","meta":{"footnotes":""},"categories":[5],"tags":[22,23,26,27,17,21,24,25,28,29,15,16,5262,18,34,31,33,32,30,19,20],"class_list":{"0":"post-60761","1":"post","2":"type-post","3":"status-publish","4":"format-standard","5":"has-post-thumbnail","7":"category-rubriker","8":"tag-breaking-news","9":"tag-breakingnews","10":"tag-featured-news","11":"tag-featurednews","12":"tag-headlines","13":"tag-huvudnyheter","14":"tag-latest-news","15":"tag-latestnews","16":"tag-main-news","17":"tag-mainnews","18":"tag-news","19":"tag-nyheter","20":"tag-offentlig","21":"tag-rubriker","22":"tag-se","23":"tag-svenska","24":"tag-sverige","25":"tag-sweden","26":"tag-swedish","27":"tag-top-stories","28":"tag-topstories"},"share_on_mastodon":{"url":"","error":""},"_links":{"self":[{"href":"https:\/\/www.europesays.com\/se\/wp-json\/wp\/v2\/posts\/60761","targetHints":{"allow":["GET"]}}],"collection":[{"href":"https:\/\/www.europesays.com\/se\/wp-json\/wp\/v2\/posts"}],"about":[{"href":"https:\/\/www.europesays.com\/se\/wp-json\/wp\/v2\/types\/post"}],"author":[{"embeddable":true,"href":"https:\/\/www.europesays.com\/se\/wp-json\/wp\/v2\/users\/2"}],"replies":[{"embeddable":true,"href":"https:\/\/www.europesays.com\/se\/wp-json\/wp\/v2\/comments?post=60761"}],"version-history":[{"count":0,"href":"https:\/\/www.europesays.com\/se\/wp-json\/wp\/v2\/posts\/60761\/revisions"}],"wp:featuredmedia":[{"embeddable":true,"href":"https:\/\/www.europesays.com\/se\/wp-json\/wp\/v2\/media\/60762"}],"wp:attachment":[{"href":"https:\/\/www.europesays.com\/se\/wp-json\/wp\/v2\/media?parent=60761"}],"wp:term":[{"taxonomy":"category","embeddable":true,"href":"https:\/\/www.europesays.com\/se\/wp-json\/wp\/v2\/categories?post=60761"},{"taxonomy":"post_tag","embeddable":true,"href":"https:\/\/www.europesays.com\/se\/wp-json\/wp\/v2\/tags?post=60761"}],"curies":[{"name":"wp","href":"https:\/\/api.w.org\/{rel}","templated":true}]}}