{"id":60921,"date":"2025-10-21T14:09:17","date_gmt":"2025-10-21T14:09:17","guid":{"rendered":"https:\/\/www.europesays.com\/se\/60921\/"},"modified":"2025-10-21T14:09:17","modified_gmt":"2025-10-21T14:09:17","slug":"allsvenska-panelen-de-gor-upp-om-guldet-2026-allsvenskan","status":"publish","type":"post","link":"https:\/\/www.europesays.com\/se\/60921\/","title":{"rendered":"Allsvenska panelen: De g\u00f6r upp om guldet 2026 | Allsvenskan"},"content":{"rendered":"<p>Publicerad 21 okt 2025 kl 13.12<\/p>\n<p>PremiumHur stor sensation \u00e4r Mj\u00e4llbys guld?\u00a0<\/p>\n<p>Vad kan vi v\u00e4ntas oss av m\u00e4starna n\u00e4sta \u00e5r?<\/p>\n<p>Har Malm\u00f6 FF vaknat nu?<\/p>\n<p>Och spelar Gais succ\u00e9man allsvensk fotboll n\u00e4sta v\u00e5r?<\/p>\n<p>Det och mycket mer i veckans allsvenska panel.\u00a0<\/p>\n<p> \u201dGl\u00f6mt hur sinnessjukt det \u00e4r\u201d<\/p>\n<p> H\u00e4r \u00e4r lagen som sp\u00e5s g\u00f6ra upp om guldet n\u00e4sta \u00e5r\u00a0<\/p>\n<p> Hyllas: \u201dKort och gott f\u00f6r bra f\u00f6r allsvenskan\u201d<\/p>\n<p> Dramat v\u00e4ntar: \u201dKommer bli ett race till sista omg\u00e5ngen\u201d<\/p>\n<p><img   alt=\"\"\/>\u00d6ppna bild i helsk\u00e4rm<\/p>\n","protected":false},"excerpt":{"rendered":"Publicerad 21 okt 2025 kl 13.12 PremiumHur stor sensation \u00e4r Mj\u00e4llbys guld?\u00a0 Vad kan vi v\u00e4ntas oss av&hellip;\n","protected":false},"author":2,"featured_media":60922,"comment_status":"","ping_status":"","sticky":false,"template":"","format":"standard","meta":{"footnotes":""},"categories":[5],"tags":[22,23,26,27,17,21,24,25,28,29,15,16,555,665,738,606,358,240,103,18,34,130,129,31,33,32,30,19,20],"class_list":{"0":"post-60921","1":"post","2":"type-post","3":"status-publish","4":"format-standard","5":"has-post-thumbnail","7":"category-rubriker","8":"tag-breaking-news","9":"tag-breakingnews","10":"tag-featured-news","11":"tag-featurednews","12":"tag-headlines","13":"tag-huvudnyheter","14":"tag-latest-news","15":"tag-latestnews","16":"tag-main-news","17":"tag-mainnews","18":"tag-news","19":"tag-nyheter","20":"tag-organization-allsvenskan","21":"tag-organization-gais","22":"tag-organization-hammarby-if","23":"tag-organization-ifk-varnamo","24":"tag-organization-malmo-ff","25":"tag-organization-mjallby-aif","26":"tag-premium","27":"tag-rubriker","28":"tag-se","29":"tag-sections-allsvenskan","30":"tag-sections-fotboll","31":"tag-svenska","32":"tag-sverige","33":"tag-sweden","34":"tag-swedish","35":"tag-top-stories","36":"tag-topstories"},"share_on_mastodon":{"url":"","error":""},"_links":{"self":[{"href":"https:\/\/www.europesays.com\/se\/wp-json\/wp\/v2\/posts\/60921","targetHints":{"allow":["GET"]}}],"collection":[{"href":"https:\/\/www.europesays.com\/se\/wp-json\/wp\/v2\/posts"}],"about":[{"href":"https:\/\/www.europesays.com\/se\/wp-json\/wp\/v2\/types\/post"}],"author":[{"embeddable":true,"href":"https:\/\/www.europesays.com\/se\/wp-json\/wp\/v2\/users\/2"}],"replies":[{"embeddable":true,"href":"https:\/\/www.europesays.com\/se\/wp-json\/wp\/v2\/comments?post=60921"}],"version-history":[{"count":0,"href":"https:\/\/www.europesays.com\/se\/wp-json\/wp\/v2\/posts\/60921\/revisions"}],"wp:featuredmedia":[{"embeddable":true,"href":"https:\/\/www.europesays.com\/se\/wp-json\/wp\/v2\/media\/60922"}],"wp:attachment":[{"href":"https:\/\/www.europesays.com\/se\/wp-json\/wp\/v2\/media?parent=60921"}],"wp:term":[{"taxonomy":"category","embeddable":true,"href":"https:\/\/www.europesays.com\/se\/wp-json\/wp\/v2\/categories?post=60921"},{"taxonomy":"post_tag","embeddable":true,"href":"https:\/\/www.europesays.com\/se\/wp-json\/wp\/v2\/tags?post=60921"}],"curies":[{"name":"wp","href":"https:\/\/api.w.org\/{rel}","templated":true}]}}