{"id":6105,"date":"2025-08-16T07:07:06","date_gmt":"2025-08-16T07:07:06","guid":{"rendered":"https:\/\/www.europesays.com\/se\/6105\/"},"modified":"2025-08-16T07:07:06","modified_gmt":"2025-08-16T07:07:06","slug":"ingen-vapenvila-i-ukraina-efter-motet-med-trump-och-putin","status":"publish","type":"post","link":"https:\/\/www.europesays.com\/se\/6105\/","title":{"rendered":"Ingen vapenvila i Ukraina efter m\u00f6tet med Trump och Putin"},"content":{"rendered":"<p>Toppm\u00f6tet varade i tre timmar.\u00a0<\/p>\n<p>Presskonferensen i 13 minuter.\u00a0<\/p>\n<p>Putin och Trump hade inget avtal att presentera \u2013 men \u00f6ppnade f\u00f6r att ses igen.\u00a0<\/p>\n<p>\u2013 N\u00e4sta g\u00e5ng i Moskva, sa Putin.\u00a0<\/p>\n<p>Efter m\u00f6tet har Trump haft ett \u201dl\u00e5ngt telefonsamtal\u201d med Zelenskyj och befinner sig just nu i samtal med flera Natoledare, rapporterar Reuters.\u00a0<\/p>\n<p><img loading=\"lazy\"   alt=\"\"\/><\/p>\n<p>Efter m\u00f6tet med Putin har Trump haft ett \u201dl\u00e5ngt telefonsamtal\u201d med Zelenskyj.<\/p>\n<p>Foto: POOL \/UKRAINIAN PRESIDENTIA \/ STELLA PICTURES\/ZUMA PRESS ZUMA PRESS<\/p>\n<p><img loading=\"lazy\"   alt=\"\"\/><\/p>\n<p>Han har ocks\u00e5 pratat med Natoledare.<\/p>\n<p>Foto: Julia Demaree Nikhinson \/ AP \/ TT NYHETSBYR\u00c5N<\/p>\n<p><img loading=\"lazy\"   alt=\"\"\/><\/p>\n<p>Putin och Trump kom inte \u00f6verens om n\u00e5gon vapenvila.<\/p>\n<p>Foto: JAE C. HONG \/ AP TT NYHETSBYR\u00c5N<\/p>\n<p><img loading=\"lazy\"   alt=\"\"\/><\/p>\n<p>Ledarna konstaterade att de f\u00f6rmodligen ses snart igen.<\/p>\n<p>Foto: AA \/ STELLA PICTURES\/ABACA PRESS ABACA PRESS<\/p>\n<p><strong>L\u00c4S MER: <\/strong><a href=\"https:\/\/www.expressen.se\/nyheter\/varlden\/tre-punkter-om-motet-mellan-putin-och-trump\/\" class=\"\" rel=\"nofollow noopener\" target=\"_blank\">Tre punkter om m\u00f6tet mellan Putin och Trump<\/a><\/p>\n<p>Det var vid 21-tiden p\u00e5 fredagen svensk tid som m\u00f6tet mellan Rysslands president Vladimir Putin och USA:s dito <a href=\"https:\/\/www.expressen.se\/tagg\/person\/donald-trump\/\" class=\"\" rel=\"nofollow noopener\" target=\"_blank\">Donald Trump<\/a> inleddes p\u00e5 en milit\u00e4rbas i Anchorage i Alaska.\u00a0<\/p>\n<p>Trump klappade h\u00e4nderna innan han med ett leende p\u00e5 l\u00e4pparna m\u00f6tte Putin p\u00e5 en r\u00f6d matta som rullats ut framf\u00f6r deras respektive flygplan.<\/p>\n<p>M\u00f6tet varade n\u00e4stan tre timmar.\u00a0<\/p>\n<p>Efter\u00e5t h\u00f6ll Trump och Putin en kortare presskonferens.\u00a0<\/p>\n<p>Putin pratade i tio minuter och Trump i tre. De b\u00e5da ledarna tackade varandra men hade inga klara besked att l\u00e4mna om n\u00e5got avtal om en vapenvila i Ukraina. Ordet vapenvila anv\u00e4ndes \u00f6verhuvudtaget inte. \u00a0<\/p>\n<p>\u2013 Vi \u00e4r inte helt d\u00e4r \u00e4n, s\u00e4ger Trump.\u00a0<\/p>\n<p>Under presstr\u00e4ffen sa Trump ocks\u00e5 att han \u201dtroligtvis\u201d kommer att tr\u00e4ffa Putin igen mycket snart. Den ryska presidenten var snabb med att f\u00f6resl\u00e5 en plats.\u00a0<\/p>\n<p>\u2013 N\u00e4sta g\u00e5ng i Moskva, replikerade Putin.\u00a0<\/p>\n<p>Sedan l\u00e4mnade de podiet utan att svara p\u00e5 n\u00e5gra fr\u00e5gor fr\u00e5n journalister.<\/p>\n<p>ALASKA-M\u00d6TET I FEM PUNKTER<\/p>\n<p> M\u00f6tet mellan Putin och Trump varade i tre timmar. Det ska vara det l\u00e4ngsta fysiska m\u00f6tet de b\u00e5da presidenterna haft.<\/p>\n<p> G\u00e4stande president Putin tog med sig utrikesminister Sergej Lavrov och presidentr\u00e5dgivaren Jurij Usjakov som st\u00f6d. V\u00e4rden Trump bistods av utrikesminister Marco Rubio och specielle s\u00e4ndebudet Steve Witkoff.<\/p>\n<p> De h\u00f6ll en presstr\u00e4ff efter\u00e5t d\u00e4r de tackade varandra, men hade inget avtal att presentera.<\/p>\n<p> Donald Trump uppgav att han efter m\u00f6tet skulle kontakta bland annat Nato och Ukrainas president Volodymyr Zelenskyj. Han sa ocks\u00e5 att han \u201dtroligtvis\u201d ska tr\u00e4ffa Putin en g\u00e5ng till.<\/p>\n<p> M\u00f6tet, p\u00e5 milit\u00e4rbasen Elmendorf-Richardson, \u00e4r det f\u00f6rsta fysiska m\u00f6tet mellan Trump och Putin sedan 2019.<\/p>\n<p>Visa merTrump: \u00d6verens om landbyten\u00a0<\/p>\n<p>Efter presskonferensen gav Donald Trump en f\u00f6rsta intervju med den konservativa tv-kanalen Fox News. D\u00e5 var budskapet fr\u00e5n presidenten att man kommit \u00f6verens om <a href=\"https:\/\/www.expressen.se\/nyheter\/varlden\/trump-overens-om-landbyten-upp-till-zelenskyj-nu\/\" rel=\"nofollow noopener\" target=\"_blank\">flera detaljer g\u00e4llande landutbyten och s\u00e4kerhetsgarantier i Ukraina<\/a>, men utan att specificera vad och hur n\u00e4rmare.<\/p>\n<p>Nu menar Trump att det \u00e4r upp till Ukrainas president Volodymyr Zelenskyj att f\u00e5 till ett avtal med Ryssland.<\/p>\n<p>\u2013 Slut ett avtal. Ryssland \u00e4r en stor krigsmakt, Ukraina \u00e4r det inte. De sl\u00e5ss mot en krigsmaskin, sa Trump i intervjun med Fox News-profilen Sean Hannity.<\/p>\n<p>\u201dL\u00e5ngt samtal\u201d med Zelenskyj<\/p>\n<p>Trump har varit tydlig med att han, efter m\u00f6tet med Putin, skulle prata med Zelenskyj f\u00f6r att informera om vad som sagts.\u00a0<\/p>\n<p>Det samtalet har nu ringts.\u00a0<\/p>\n<p>Vid 08.30-tiden p\u00e5 l\u00f6rdagsmorgonen rapporterade Reuters att Zelenskyj och Putin haft ett \u201dl\u00e5ngt samtal\u201d \u2013 och att Trump d\u00e4refter var i telefon med flera Nato-ledare.<\/p>\n<p>Annons<\/p>\n<p>\u00c4n s\u00e5 l\u00e4nge har Zelenskyj inte uttalat sig.<\/p>\n<p>\u201dPutin vann \u2013 \u00f6verl\u00e4gset\u201d<\/p>\n<p>Det till synes fruktl\u00f6sa m\u00f6tet fick <a href=\"https:\/\/www.expressen.se\/nyheter\/varlden\/reaktioner-efter-motet--ryssland-euforiska-europa-deprimerade\/\" rel=\"nofollow noopener\" target=\"_blank\">Putin att framst\u00e5 som den som gynnades<\/a> av att m\u00f6tet \u00f6verhuvud taget h\u00f6lls, menar flera experter.<\/p>\n<p>\u2013 Han har undkommit nya sanktioner, han st\u00e5r inte inf\u00f6r sanktioner och n\u00e4sta m\u00f6te \u00e4r inte satt. Han vann m\u00f6tet, \u00f6verl\u00e4gset, s\u00e4ger John Bolton, Trumps tidigare s\u00e4kerhetsr\u00e5dgivare i CNN.\u00a0<\/p>\n<p>Den svenska Rysslandsexperten Inga N\u00e4slund h\u00e5ller med.<\/p>\n<p>\u2013 Putin har kunnat visa sig stark och lyckad i sin relation med USA. Han fick prata om saker som \u00e4r viktiga f\u00f6r honom, och det var v\u00e4ldigt tydligt att det han sa var \u00e4mnat \u00e5t den ryska publiken, s\u00e4ger hon.<\/p>\n<p>Putins ord st\u00e4ller Trump: \u201dOj, oj &#8230;\u201dTackar Putin \u2013 d\u00e5 s\u00e4ger Putin fyra ord \u2022 \u201dF\u00e5r nog lite skit f\u00f6r det d\u00e4r\u201d<img alt=\"\"\/>Ljudklippet gick inte att spela upp<\/p>\n<p>F\u00f6rs\u00f6k igen senare<\/p>\n","protected":false},"excerpt":{"rendered":"Toppm\u00f6tet varade i tre timmar.\u00a0 Presskonferensen i 13 minuter.\u00a0 Putin och Trump hade inget avtal att presentera \u2013&hellip;\n","protected":false},"author":2,"featured_media":6106,"comment_status":"","ping_status":"","sticky":false,"template":"","format":"standard","meta":{"footnotes":""},"categories":[14],"tags":[22,23,26,27,17,21,24,25,28,29,15,881,16,198,203,18,34,55,31,33,32,30,19,20,51,52,53,54],"class_list":{"0":"post-6105","1":"post","2":"type-post","3":"status-publish","4":"format-standard","5":"has-post-thumbnail","7":"category-varlden","8":"tag-breaking-news","9":"tag-breakingnews","10":"tag-featured-news","11":"tag-featurednews","12":"tag-headlines","13":"tag-huvudnyheter","14":"tag-latest-news","15":"tag-latestnews","16":"tag-main-news","17":"tag-mainnews","18":"tag-news","19":"tag-newsstory-trump-moter-putin-i-alaska","20":"tag-nyheter","21":"tag-person-donald-trump","22":"tag-person-vladimir-putin","23":"tag-rubriker","24":"tag-se","25":"tag-sections-varlden","26":"tag-svenska","27":"tag-sverige","28":"tag-sweden","29":"tag-swedish","30":"tag-top-stories","31":"tag-topstories","32":"tag-varlden","33":"tag-world","34":"tag-world-news","35":"tag-worldnews"},"share_on_mastodon":{"url":"","error":""},"_links":{"self":[{"href":"https:\/\/www.europesays.com\/se\/wp-json\/wp\/v2\/posts\/6105","targetHints":{"allow":["GET"]}}],"collection":[{"href":"https:\/\/www.europesays.com\/se\/wp-json\/wp\/v2\/posts"}],"about":[{"href":"https:\/\/www.europesays.com\/se\/wp-json\/wp\/v2\/types\/post"}],"author":[{"embeddable":true,"href":"https:\/\/www.europesays.com\/se\/wp-json\/wp\/v2\/users\/2"}],"replies":[{"embeddable":true,"href":"https:\/\/www.europesays.com\/se\/wp-json\/wp\/v2\/comments?post=6105"}],"version-history":[{"count":0,"href":"https:\/\/www.europesays.com\/se\/wp-json\/wp\/v2\/posts\/6105\/revisions"}],"wp:featuredmedia":[{"embeddable":true,"href":"https:\/\/www.europesays.com\/se\/wp-json\/wp\/v2\/media\/6106"}],"wp:attachment":[{"href":"https:\/\/www.europesays.com\/se\/wp-json\/wp\/v2\/media?parent=6105"}],"wp:term":[{"taxonomy":"category","embeddable":true,"href":"https:\/\/www.europesays.com\/se\/wp-json\/wp\/v2\/categories?post=6105"},{"taxonomy":"post_tag","embeddable":true,"href":"https:\/\/www.europesays.com\/se\/wp-json\/wp\/v2\/tags?post=6105"}],"curies":[{"name":"wp","href":"https:\/\/api.w.org\/{rel}","templated":true}]}}