{"id":61056,"date":"2025-10-21T17:22:14","date_gmt":"2025-10-21T17:22:14","guid":{"rendered":"https:\/\/www.europesays.com\/se\/61056\/"},"modified":"2025-10-21T17:22:14","modified_gmt":"2025-10-21T17:22:14","slug":"sveriges-sydligaste-skidbacke-har-stangts-ner","status":"publish","type":"post","link":"https:\/\/www.europesays.com\/se\/61056\/","title":{"rendered":"Sveriges sydligaste skidbacke har st\u00e4ngts ner"},"content":{"rendered":"<p>Sveriges sydligaste skidbacke med lift, Orebacken i sk\u00e5nska Sj\u00f6bo, har st\u00e4ngts ner f\u00f6r gott, n\u00e5got Ystads allehanda var f\u00f6rst med att rapportera. <\/p>\n<p>Verksamheten har funnits i \u00f6ver 40 \u00e5r men p\u00e5 grund av de senaste \u00e5rens milda vintrar har liften inte g\u00e5tt sedan 2018, och d\u00e5 var den bara \u00f6ppen n\u00e5gra dagar. H\u00e5kan Andersson, fritidschef i Sj\u00f6bo kommun, s\u00e4ger till SvD att det \u00e4r bristen p\u00e5 sn\u00f6 som g\u00f6r att verksamheten l\u00e4ggs ner. <\/p>\n<p>\u2013 Det \u00e4r inte f\u00f6rsvarbart att kanske lyckas sno ihop en skidvecka vart tionde \u00e5r. Det \u00e4r nog tyv\u00e4rr s\u00e5 att den epoken \u00e4r slut, s\u00e4ger han. <\/p>\n<p>Omni \u00e4r politiskt obundna och oberoende. Vi str\u00e4var efter att ge fler perspektiv p\u00e5 nyheterna. Har du fr\u00e5gor eller synpunkter kring v\u00e5r rapportering? <a href=\"https:\/\/omni.se\/sveriges-sydligaste-skidbacke-har-stangts-ner\/a\/mailto:redaktion@omni.se\" class=\"ArticleActions_contactLink__W2F1M\" rel=\"nofollow noopener\" target=\"_blank\">Kontakta redaktionen<\/a><\/p>\n","protected":false},"excerpt":{"rendered":"Sveriges sydligaste skidbacke med lift, Orebacken i sk\u00e5nska Sj\u00f6bo, har st\u00e4ngts ner f\u00f6r gott, n\u00e5got Ystads allehanda var&hellip;\n","protected":false},"author":2,"featured_media":61057,"comment_status":"","ping_status":"","sticky":false,"template":"","format":"standard","meta":{"footnotes":""},"categories":[14],"tags":[22,23,26,27,17,21,528,24,25,28,29,15,16,18,34,5699,389,31,33,32,30,19,20,51,52,53,54],"class_list":{"0":"post-61056","1":"post","2":"type-post","3":"status-publish","4":"format-standard","5":"has-post-thumbnail","7":"category-varlden","8":"tag-breaking-news","9":"tag-breakingnews","10":"tag-featured-news","11":"tag-featurednews","12":"tag-headlines","13":"tag-huvudnyheter","14":"tag-klimat-miljo","15":"tag-latest-news","16":"tag-latestnews","17":"tag-main-news","18":"tag-mainnews","19":"tag-news","20":"tag-nyheter","21":"tag-rubriker","22":"tag-se","23":"tag-sjobo","24":"tag-skane-lan","25":"tag-svenska","26":"tag-sverige","27":"tag-sweden","28":"tag-swedish","29":"tag-top-stories","30":"tag-topstories","31":"tag-varlden","32":"tag-world","33":"tag-world-news","34":"tag-worldnews"},"share_on_mastodon":{"url":"","error":""},"_links":{"self":[{"href":"https:\/\/www.europesays.com\/se\/wp-json\/wp\/v2\/posts\/61056","targetHints":{"allow":["GET"]}}],"collection":[{"href":"https:\/\/www.europesays.com\/se\/wp-json\/wp\/v2\/posts"}],"about":[{"href":"https:\/\/www.europesays.com\/se\/wp-json\/wp\/v2\/types\/post"}],"author":[{"embeddable":true,"href":"https:\/\/www.europesays.com\/se\/wp-json\/wp\/v2\/users\/2"}],"replies":[{"embeddable":true,"href":"https:\/\/www.europesays.com\/se\/wp-json\/wp\/v2\/comments?post=61056"}],"version-history":[{"count":0,"href":"https:\/\/www.europesays.com\/se\/wp-json\/wp\/v2\/posts\/61056\/revisions"}],"wp:featuredmedia":[{"embeddable":true,"href":"https:\/\/www.europesays.com\/se\/wp-json\/wp\/v2\/media\/61057"}],"wp:attachment":[{"href":"https:\/\/www.europesays.com\/se\/wp-json\/wp\/v2\/media?parent=61056"}],"wp:term":[{"taxonomy":"category","embeddable":true,"href":"https:\/\/www.europesays.com\/se\/wp-json\/wp\/v2\/categories?post=61056"},{"taxonomy":"post_tag","embeddable":true,"href":"https:\/\/www.europesays.com\/se\/wp-json\/wp\/v2\/tags?post=61056"}],"curies":[{"name":"wp","href":"https:\/\/api.w.org\/{rel}","templated":true}]}}