{"id":61062,"date":"2025-10-21T17:32:50","date_gmt":"2025-10-21T17:32:50","guid":{"rendered":"https:\/\/www.europesays.com\/se\/61062\/"},"modified":"2025-10-21T17:32:50","modified_gmt":"2025-10-21T17:32:50","slug":"timras-alfons-freij-missade-mjallbys-sm-guldfirande","status":"publish","type":"post","link":"https:\/\/www.europesays.com\/se\/61062\/","title":{"rendered":"Timr\u00e5s Alfons Freij missade Mj\u00e4llbys SM-guldfirande"},"content":{"rendered":"<p><strong>Guldfesten fick skjutas upp med en dag efter tr\u00e4narens sms.<br \/>Men i kv\u00e4ll ska Mj\u00e4llby-supportern Alfons Freij fira SM-guldet med lagkamraterna i Timr\u00e5.<br \/>D\u00e5 ska han bjuda lagkamraterna p\u00e5 k\u00f6tt.<br \/>\u2013\u00a0Det ska bli j\u00e4vligt g\u00f6tt, s\u00e4ger han till Hockeysverige.se<\/strong><\/p>\n<p><img loading=\"lazy\" decoding=\"async\" width=\"980\" height=\"630\" src=\"https:\/\/www.europesays.com\/se\/wp-content\/uploads\/2025\/10\/Split-Screen-3.2-3.webp.webp\" alt=\"\" class=\"wp-image-316465\"  \/>Timr\u00e5s Alfons Freij f\u00e5r fira guldet i kv\u00e4ll med Timr\u00e5-v\u00e4nnerna i st\u00e4llet.<br \/>Foto: Bildbyr\u00e5n<\/p>\n<p>Under g\u00e5rdagen fullbordades en av svensk fotbolls st\u00f6rsta skr\u00e4llar n\u00e5gonsin. Blekinge-laget Mj\u00e4llby AIF har vunnit SM-guld f\u00f6r f\u00f6rsta g\u00e5ngen, framf\u00f6r storklubbar som Malm\u00f6 FF och Hammarby som inte var n\u00e4ra att h\u00e4nga med i deras tempo.<\/p>\n<p>Som v\u00e4ntat var <a href=\"https:\/\/hockeysverige.se\/klubb\/timra-ik\" rel=\"nofollow noopener\" target=\"_blank\">Timr\u00e5s<\/a> stora backtalang <a href=\"https:\/\/hockeysverige.se\/spelare\/alfons-freij\" rel=\"nofollow noopener\" target=\"_blank\">Alfons Freij<\/a> (fr\u00e5n S\u00f6lvesborg) \u00f6verlycklig \u00f6ver att hans favoritlag uppn\u00e5tt denna framg\u00e5ng.<\/p>\n<p>\u2013\u00a0Det var j\u00e4vligt kul allts\u00e5, man vet knappt var man ska ta v\u00e4gen och man trodde aldrig att man skulle f\u00e5 sk\u00e5da n\u00e5got s\u00e5dant. J\u00e4vligt kul och man m\u00e5r riktigt bra nu n\u00e4r man \u00e4ntligen tog hem det, man har f\u00e5tt v\u00e4nta v\u00e4ldigt l\u00e4nge men \u00e4ntligen knep dem guldet. <\/p>\n<p>Det var inte direkt s\u00e5 att laget fr\u00e5n Listerlandet vann med n\u00f6d och n\u00e4ppe. Mj\u00e4llbys avg\u00f6rande ig\u00e5r gjorde dessutom att man ryckte \u00e5t sig en elva po\u00e4ngsledning. Man \u00e4r med tre matcher kvar bara en po\u00e4ng fr\u00e5n att tangera Malm\u00f6 FF:s po\u00e4ngrekord som st\u00e5tt sig sedan s\u00e4songen 2010, d\u00e5 man vann allsvenskan p\u00e5 67 po\u00e4ng.<\/p>\n<p>\u2013\u00a0Ja, nu g\u00e5r vi f\u00f6r po\u00e4ngrekordet och jag har sj\u00e4lv inte sk\u00e5dat ett s\u00e5 h\u00e4r \u00f6verl\u00e4gset lag. Malm\u00f6 har varit j\u00e4kligt bra flera \u00e5r p\u00e5 den senaste tiden, men jag har aldrig sett n\u00e5got liknande. Jag trodde aldrig att det skulle vara mitt lag av alla som har s\u00e5 mycket pengar,<\/p>\n<p>\u2013\u00a0Man spelar i Mj\u00e4llby f\u00f6r att man har hj\u00e4rta och inte f\u00f6r pengar. Man har en j\u00e4ttebra tr\u00e4nare verkligen (Anders Torstensson) och spelarna har stannat i klubben och utvecklat. Till exempel Noel T\u00f6rnqvist har tagit stora kliv och har skrivit p\u00e5 f\u00f6r Como nu i Serie A, det \u00e4r ett kvitto p\u00e5 hur j\u00e4vla bra han \u00e4r.\u00a0<\/p>\n<p>Men det \u00e4r en spelare som sticker ut. Allsvenskans kanske mest frispr\u00e5kiga profil; Jacob Bergstr\u00f6m. Under g\u00e5rdagens s\u00e4ndning i HBO Max firade han guldet genom att leverera citat efter citat i TV-studion, samtidigt som han halsade i sig en \u00f6l. Dessutom lyckades han \u00f6ppna m\u00e5lskyttet i guldmatchen med en cykelspark-\u201dlight\u201d.<\/p>\n<p>\u2013 Han \u00e4r en s\u00e5n j\u00e4vla kung och han \u00e4r s\u00e5 go. Han \u00e4r min f\u00f6rebild och h\u00e5ller alltid l\u00e5da. Jacob \u00e4r en trogen MAIF:are och j\u00e4vligt rolig. Han f\u00f6rtj\u00e4nar allt tillsammans med alla andra i laget s\u00e5 klart.<\/p>\n<p>Missade festen \u2013 efter tr\u00e4narens meddelande<\/p>\n<p>Festen fortsatte hela natten p\u00e5 G\u00f6teborgs gator och klubbar; men Alfons Freij n\u00e4rvarade inte. Detta trots \u201dl\u00f6ftet\u201d som han uppgav att han hade f\u00e5tt, <a href=\"https:\/\/hockeysverige.se\/shl\/slar-fast-infor-mjallbys-guldfest-jag-ska-fa-ledigt\/\" rel=\"nofollow noopener\" target=\"_blank\">i en tidigare intervju med Hockeysverige.se<\/a>.<\/p>\n<p>Vid en guldmatch skulle han f\u00e5 vara p\u00e5 plats.<\/p>\n<p>\u2013\u00a0Jag har pratat med Tommy (Samuelsson, tr\u00e4nare) om det lite och jag ska f\u00e5 ledigt, det \u00e4r inget snack om det, jag m\u00e5ste dit. Det \u00e4r redan klart med guldet, men den matchen det blir klart officiellt kommer bli riktigt kul, sade han d\u00e5.<\/p>\n<p>Dagen efter det historiska f\u00f6rsta SM-guldet, n\u00e4r guldfirandet nu har lagt sig n\u00e5got, konstaterar Freij att det inte blev n\u00e5gon guldmatch.<\/p>\n<p>\u2013\u00a0Tyv\u00e4rr s\u00e5 blev det inte s\u00e5, Daniel Karlunden skickade ett meddelande ig\u00e5r att tr\u00e4ning imorgon och du g\u00e5r ingenstans. D\u00e5 svarade jag p\u00e5 sk\u00e4mt att tyv\u00e4rr \u00e4r det redan f\u00f6r sent, jag \u00e4r redan p\u00e5 v\u00e4g ner.<\/p>\n<p>\u2013\u00a0\u201dTyv\u00e4rr\u201d blev man kvar h\u00e4r, men vi har en s\u00e4song h\u00e4r som jag respekterar och d\u00e5 \u00e4r det s\u00e5, man m\u00e5ste tr\u00e4na och g\u00f6ra det man f\u00e5r betalt f\u00f6r. Det \u00e4r en fin grupp och ett fantastiskt lag h\u00e4r i Timr\u00e5.<\/p>\n<p><img loading=\"lazy\" decoding=\"async\" width=\"1024\" height=\"658\" src=\"https:\/\/www.europesays.com\/se\/wp-content\/uploads\/2025\/10\/Nytt-projekt-7-5-1024x658.webp.webp\" alt=\"\" class=\"wp-image-316463\"  \/>Daniel Karlunden, assisterande i Timr\u00e5, satte stopp.<br \/>Foto: Bildbyr\u00e5n<\/p>\n<p>Svaret efter v\u00e4djan: \u201dDet var tyv\u00e4rr lite tyst\u201d<\/p>\n<p>Alfons Freij har haft kontakt med b\u00e5de m\u00e5lvakten Noel T\u00f6rnqvist och tr\u00e4naren Anders Torstensson, men den officiella inbjudan kom aldrig.<\/p>\n<p>\u2013\u00a0Nej, det var tyv\u00e4rr lite tyst<\/p>\n<p>Nu p\u00e5 tisdagskv\u00e4llen ska SM-guldet firas tillsammans med ett g\u00e4ng lagkamrater i Timr\u00e5. N\u00e5gra har han lyckats konvertera till att bli Mj\u00e4llby-supportrar. Men det \u00e4r ingen id\u00e9 att f\u00f6rs\u00f6ka g\u00f6ra n\u00e5got \u00e5t \u201dtokdjurg\u00e5rdarna\u201d Erik Walli Walterholm, Lukas Pil\u00f6 eller \u00d6stersundssupportern Jonathan Dahl\u00e9n, som han sj\u00e4lv beskriver dem.<\/p>\n<p>\u2013\u00a0Det \u00e4r stockholmarna som \u00e4r om\u00f6jliga d\u00e4r, men de andra \u00e4r ganska l\u00e4ttfl\u00f6rtade. De har verkligen tagit till sig Mj\u00e4llby och det ska bli j\u00e4vligt g\u00f6tt med en fin k\u00f6ttbit. Det blir Linus N\u00e4ssen, David Lilja, \u201dWalli\u201d, Eddie Genborg, Jacob Johansson, med flera.<\/p>\n<p>\u201dDe visar hur man firar p\u00e5 riktigt\u201d<\/p>\n<p>Han forts\u00e4tter med att hylla lagsammanh\u00e5llningen i hans Timr\u00e5.<\/p>\n<p>\u2013 Det \u00e4r en j\u00e4kla bra grupp och ett fantastiskt lag, det blir fint, alla h\u00e4nger med alla och oavsett hur gammal man \u00e4r gillar man att surra med alla. Man kommer med ett leende p\u00e5 l\u00e4pparna i hallen och man l\u00e4ngtar till en ny dag i hallen.<\/p>\n<p>Mj\u00e4llby fick lite kritik f\u00f6r sitt \u201dsvala\u201d firande, om man tar sig friheten att sammanfatta n\u00e5gra av reaktionerna fr\u00e5n sociala medier.<\/p>\n<p><img loading=\"lazy\" decoding=\"async\" width=\"1024\" height=\"658\" src=\"https:\/\/www.europesays.com\/se\/wp-content\/uploads\/2025\/10\/Nytt-projekt-8-3-1024x658.webp.webp\" alt=\"\" class=\"wp-image-316469\"  \/>Freij har f\u00e5tt en fin start p\u00e5 tiden i Timr\u00e5.<br \/>Foto: Bildbyr\u00e5n<\/p>\n<p>\u00c4ven Timr\u00e5-spelarna var p\u00e5 Freij i morse.<\/p>\n<p>\u2013\u00a0Vi \u00e4r inte s\u00e5 vana vid det d\u00e4r och det \u00e4r bara kul \u00f6ver hur\u00a0det s\u00e5g ut. Jag kan inget annat \u00e4n att k\u00e4nna igen mig, det ska vara s\u00e5, det \u00e4r ett tecken p\u00e5 att man inte \u00e4ndrar p\u00e5 sig sj\u00e4lv, vinner man n\u00e5got \u00e4r man samma klubb som alltid. Det \u00e4r s\u00e5 kul att det blir ett mycket coolare firande \u00e4n om Djurg\u00e5rden eller Malm\u00f6 vann. I hallen i morse var det folk som sa; \u201dVad var det f\u00f6r fest Mj\u00e4llby hade, vann de ens, de var s\u00e5 j\u00e4vla d\u00e5liga p\u00e5 att fira\u201d.<\/p>\n<p>\u2013 Jag tycker bara att det \u00e4r kul att de visar hur man firar p\u00e5 riktigt.<\/p>\n<p> Source: <a href=\"https:\/\/www.eliteprospects.com\/player\/618996\/alfons-freij\" target=\"_blank\" rel=\"noopener noreferrer nofollow\">Alfons Freij<\/a> @ Elite Prospects<\/p>\n","protected":false},"excerpt":{"rendered":"Guldfesten fick skjutas upp med en dag efter tr\u00e4narens sms.Men i kv\u00e4ll ska Mj\u00e4llby-supportern Alfons Freij fira SM-guldet&hellip;\n","protected":false},"author":2,"featured_media":61063,"comment_status":"","ping_status":"","sticky":false,"template":"","format":"standard","meta":{"footnotes":""},"categories":[5],"tags":[22,23,26,27,17,21,24,25,28,29,15,16,18,34,134,31,33,32,30,19,379,20],"class_list":{"0":"post-61062","1":"post","2":"type-post","3":"status-publish","4":"format-standard","5":"has-post-thumbnail","7":"category-rubriker","8":"tag-breaking-news","9":"tag-breakingnews","10":"tag-featured-news","11":"tag-featurednews","12":"tag-headlines","13":"tag-huvudnyheter","14":"tag-latest-news","15":"tag-latestnews","16":"tag-main-news","17":"tag-mainnews","18":"tag-news","19":"tag-nyheter","20":"tag-rubriker","21":"tag-se","22":"tag-shl","23":"tag-svenska","24":"tag-sverige","25":"tag-sweden","26":"tag-swedish","27":"tag-top-stories","28":"tag-top-article","29":"tag-topstories"},"share_on_mastodon":{"url":"","error":""},"_links":{"self":[{"href":"https:\/\/www.europesays.com\/se\/wp-json\/wp\/v2\/posts\/61062","targetHints":{"allow":["GET"]}}],"collection":[{"href":"https:\/\/www.europesays.com\/se\/wp-json\/wp\/v2\/posts"}],"about":[{"href":"https:\/\/www.europesays.com\/se\/wp-json\/wp\/v2\/types\/post"}],"author":[{"embeddable":true,"href":"https:\/\/www.europesays.com\/se\/wp-json\/wp\/v2\/users\/2"}],"replies":[{"embeddable":true,"href":"https:\/\/www.europesays.com\/se\/wp-json\/wp\/v2\/comments?post=61062"}],"version-history":[{"count":0,"href":"https:\/\/www.europesays.com\/se\/wp-json\/wp\/v2\/posts\/61062\/revisions"}],"wp:featuredmedia":[{"embeddable":true,"href":"https:\/\/www.europesays.com\/se\/wp-json\/wp\/v2\/media\/61063"}],"wp:attachment":[{"href":"https:\/\/www.europesays.com\/se\/wp-json\/wp\/v2\/media?parent=61062"}],"wp:term":[{"taxonomy":"category","embeddable":true,"href":"https:\/\/www.europesays.com\/se\/wp-json\/wp\/v2\/categories?post=61062"},{"taxonomy":"post_tag","embeddable":true,"href":"https:\/\/www.europesays.com\/se\/wp-json\/wp\/v2\/tags?post=61062"}],"curies":[{"name":"wp","href":"https:\/\/api.w.org\/{rel}","templated":true}]}}