{"id":61070,"date":"2025-10-21T17:57:20","date_gmt":"2025-10-21T17:57:20","guid":{"rendered":"https:\/\/www.europesays.com\/se\/61070\/"},"modified":"2025-10-21T17:57:20","modified_gmt":"2025-10-21T17:57:20","slug":"hv71-letar-nyforvarv-efter-skadan-skulle-vilja-ha","status":"publish","type":"post","link":"https:\/\/www.europesays.com\/se\/61070\/","title":{"rendered":"HV71 letar nyf\u00f6rv\u00e4rv \u2013 efter skadan: &#8221;Skulle vilja ha&#8230;&#8221;"},"content":{"rendered":"<p><strong><a href=\"https:\/\/hockeysverige.se\/klubb\/hv71\" rel=\"nofollow noopener\" target=\"_blank\">HV71<\/a> ser ut att agera efter l\u00e5ngtidsskadan p\u00e5 <a href=\"https:\/\/hockeysverige.se\/spelare\/isac-brannstrom\" rel=\"nofollow noopener\" target=\"_blank\">Isac Br\u00e4nnstr\u00f6m<\/a>. <br \/>Enligt Bj\u00f6rn Liljander letar HV nu efter nyf\u00f6rv\u00e4rv. <br \/>\u2013 Vi tittar efter spelare som kan g\u00f6ra oss b\u00e4ttre, s\u00e4ger Liljander till <a href=\"https:\/\/www.jp.se\/2025-10-21\/lijander-oppnar-for-flera-nyforvarv-det-vill-vi-helst-ha\/\" rel=\"nofollow noopener\" target=\"_blank\">J\u00f6nk\u00f6pings-Posten<\/a>. <\/strong><\/p>\n<p><img loading=\"lazy\" decoding=\"async\" width=\"1024\" height=\"658\" src=\"https:\/\/www.europesays.com\/se\/wp-content\/uploads\/2025\/10\/Brannstrom-Liljander-1024x658.webp.webp\" alt=\"Isac Br\u00e4nnstr\u00f6m. Bj\u00f6rn Liljander.\" class=\"wp-image-316448\"  \/>HV71 letar nyf\u00f6rv\u00e4rv efter skadan p\u00e5 Isac Br\u00e4nnstr\u00f6m.<strong> Foto:<\/strong> Bildbyr\u00e5n (Montage)<\/p>\n<p>Under tisdagen gick HV71 ut med att Isac Br\u00e4nnstr\u00f6m kommer att <a href=\"https:\/\/hockeysverige.se\/shl\/mardromsbeskedet-kan-missa-hela-sasongen\/\" rel=\"nofollow noopener\" target=\"_blank\">tvingas till operation f\u00f6r sin \u00f6verkroppsskada<\/a>. Det inneb\u00e4r att han sannolikt kommer att missa resten av s\u00e4songen 2025\/26. <\/p>\n<p>Efter det tuffa beskedet \u00e4r general manager Bj\u00f6rn Liljander nu tydlig med att HV71 avser att ers\u00e4tta Br\u00e4nnstr\u00f6m. D\u00e4rf\u00f6r synar Liljander marknaden i hopp om att kunna landa minst ett nyf\u00f6rv\u00e4rv. <\/p>\n<p>\u2013 Vi bevakar hela tiden spelarmarknaden och det intensifieras s\u00e5 klart n\u00e4r den h\u00e4r skadan uppkommer. Vi tittar efter spelare som kan g\u00f6ra oss b\u00e4ttre och se till att vi vinner fler matcher \u00e4n vad vi gjort hittills, s\u00e4ger Bj\u00f6rn Liljander till J\u00f6nk\u00f6pings-Posten. <\/p>\n<p>Bj\u00f6rn Liljander om jakten p\u00e5 nyf\u00f6rv\u00e4rv till HV71<\/p>\n<p>D\u00e4remot \u00f6ppnar Liljander f\u00f6r att inte v\u00e4rva en spelare som ska ers\u00e4tta Isac Br\u00e4nnstr\u00f6m rakt av. Det kan n\u00e4mligen i st\u00e4llet bli en annan spelartyp som v\u00e4rvas f\u00f6r att st\u00e4rka truppen. <\/p>\n<p>\u2013 Det \u00e4r inget att sticka under stol med att vi helst skulle vilja ha en center i laget. Det kan aldrig bli f\u00f6r m\u00e5nga centrar i en trupp, hellre f\u00f6r m\u00e5nga \u00e4n f\u00f6r f\u00e5. S\u00e5 en spelare som kan spela b\u00e5de center och vinge letar vi efter.<\/p>\n<p>HV71 hoppas kunna landa en spelare som kan st\u00e4rka lagets offensiv. <\/p>\n<p>\u2013 Det \u00e4r sv\u00e5rt att hitta spelare p\u00e5 marknaden den h\u00e4r tiden p\u00e5 \u00e5ret. \u00d6nskv\u00e4rt \u00e4r att det \u00e4r en spelare som har det mesta, men det \u00e4r inte l\u00e4tt att hitta, s\u00e4ger Bj\u00f6rn Liljander.<\/p>\n<p>HV71 ligger sist i <a href=\"https:\/\/hockeysverige.se\/shl\" rel=\"nofollow noopener\" target=\"_blank\">SHL<\/a>-tabellen efter blott tre vinster och tio insamlade po\u00e4ng efter 13 omg\u00e5ngar. De har just nu fyra po\u00e4ng upp till Malm\u00f6 och Bryn\u00e4s som ligger precis ovanf\u00f6r kvalstrecket. <\/p>\n<p> Source: <a href=\"https:\/\/www.eliteprospects.com\/team\/5\/hv71\" target=\"_blank\" rel=\"noopener noreferrer nofollow\">HV71<\/a> @ Elite Prospects<\/p>\n","protected":false},"excerpt":{"rendered":"HV71 ser ut att agera efter l\u00e5ngtidsskadan p\u00e5 Isac Br\u00e4nnstr\u00f6m. Enligt Bj\u00f6rn Liljander letar HV nu efter nyf\u00f6rv\u00e4rv.&hellip;\n","protected":false},"author":2,"featured_media":61071,"comment_status":"","ping_status":"","sticky":false,"template":"","format":"standard","meta":{"footnotes":""},"categories":[5],"tags":[22,23,26,27,17,21,24,25,28,29,15,16,18,34,133,134,31,33,32,30,19,20],"class_list":{"0":"post-61070","1":"post","2":"type-post","3":"status-publish","4":"format-standard","5":"has-post-thumbnail","7":"category-rubriker","8":"tag-breaking-news","9":"tag-breakingnews","10":"tag-featured-news","11":"tag-featurednews","12":"tag-headlines","13":"tag-huvudnyheter","14":"tag-latest-news","15":"tag-latestnews","16":"tag-main-news","17":"tag-mainnews","18":"tag-news","19":"tag-nyheter","20":"tag-rubriker","21":"tag-se","22":"tag-second-news","23":"tag-shl","24":"tag-svenska","25":"tag-sverige","26":"tag-sweden","27":"tag-swedish","28":"tag-top-stories","29":"tag-topstories"},"share_on_mastodon":{"url":"","error":""},"_links":{"self":[{"href":"https:\/\/www.europesays.com\/se\/wp-json\/wp\/v2\/posts\/61070","targetHints":{"allow":["GET"]}}],"collection":[{"href":"https:\/\/www.europesays.com\/se\/wp-json\/wp\/v2\/posts"}],"about":[{"href":"https:\/\/www.europesays.com\/se\/wp-json\/wp\/v2\/types\/post"}],"author":[{"embeddable":true,"href":"https:\/\/www.europesays.com\/se\/wp-json\/wp\/v2\/users\/2"}],"replies":[{"embeddable":true,"href":"https:\/\/www.europesays.com\/se\/wp-json\/wp\/v2\/comments?post=61070"}],"version-history":[{"count":0,"href":"https:\/\/www.europesays.com\/se\/wp-json\/wp\/v2\/posts\/61070\/revisions"}],"wp:featuredmedia":[{"embeddable":true,"href":"https:\/\/www.europesays.com\/se\/wp-json\/wp\/v2\/media\/61071"}],"wp:attachment":[{"href":"https:\/\/www.europesays.com\/se\/wp-json\/wp\/v2\/media?parent=61070"}],"wp:term":[{"taxonomy":"category","embeddable":true,"href":"https:\/\/www.europesays.com\/se\/wp-json\/wp\/v2\/categories?post=61070"},{"taxonomy":"post_tag","embeddable":true,"href":"https:\/\/www.europesays.com\/se\/wp-json\/wp\/v2\/tags?post=61070"}],"curies":[{"name":"wp","href":"https:\/\/api.w.org\/{rel}","templated":true}]}}