{"id":61080,"date":"2025-10-21T18:13:14","date_gmt":"2025-10-21T18:13:14","guid":{"rendered":"https:\/\/www.europesays.com\/se\/61080\/"},"modified":"2025-10-21T18:13:14","modified_gmt":"2025-10-21T18:13:14","slug":"charlotte-perrellis-familj-utsatt-for-svara-hot-jag-brot-ihop-helt","status":"publish","type":"post","link":"https:\/\/www.europesays.com\/se\/61080\/","title":{"rendered":"Charlotte Perrellis familj utsatt f\u00f6r sv\u00e5ra hot: \u201dJag br\u00f6t ihop helt\u201d"},"content":{"rendered":"<p>Nu v\u00e4cks \u00e5tal mot den man som <a href=\"https:\/\/www.expressen.se\/noje\/man-atalas-for-utpressningsforsok-mot-kandisar\/\" rel=\"nofollow noopener\" target=\"_blank\">misst\u00e4nkts ha hotat och utpressat<\/a> Charlotte Perrelli och flera andra k\u00e4nda svenska profiler p\u00e5 stora summor pengar.<\/p>\n<p>\u2013 Vi kr\u00e4vdes p\u00e5 en miljon euro i Bitcoin som skulle betalas inom fem dagar, ber\u00e4ttar artisten.<\/p>\n<p><img   alt=\"\"\/> <\/p>\n<p>Foto: KARIN T\u00d6RNBLOM<\/p>\n<p>\u00d6ppna bild i helsk\u00e4rm<img loading=\"lazy\"   alt=\"\"\/><\/p>\n<p>Charlotte Perrelli ber\u00e4ttar f\u00f6r Expressen om pressen och den tuffa tiden.<\/p>\n<p>Foto: KARIN T\u00d6RNBLOM<\/p>\n<p>\u00d6ppna bild i helsk\u00e4rm<img loading=\"lazy\"   alt=\"\"\/><\/p>\n<p>Charlotte ber\u00e4ttar att hennes \u00e4ldste son Angelo var den prim\u00e4ra m\u00e5ltavlan.<\/p>\n<p>Foto: KARIN T\u00d6RNBLOM<\/p>\n<p>\u00d6ppna bild i helsk\u00e4rm<\/p>\n<p>Hoten uppt\u00e4cktes av en slump. De hade hamnat i skr\u00e4pkorgen i mejlen. N\u00e4r <a href=\"https:\/\/www.expressen.se\/tagg\/person\/charlotte-perrelli\/\" class=\"\" rel=\"nofollow noopener\" target=\"_blank\">Charlotte Perrelli<\/a> fick k\u00e4nnedom om hoten hade tidsfristen p\u00e5 fem dagar redan passerat och tre hotfulla p\u00e5minnelser hade ocks\u00e5 hunnit komma.\u00a0<\/p>\n<p>Perrelli, som flera g\u00e5nger under sin \u00f6ver 30-\u00e5riga karri\u00e4r varit utsatt f\u00f6r hot, k\u00e4nde direkt att det var skarpt l\u00e4ge.\u00a0<\/p>\n<p>\u2013 Det framgick ganska snabbt p\u00e5 s\u00e4ttet det var skrivet och inneh\u00e5llet att det inte var n\u00e5got fejk, s\u00e4ger hon.<\/p>\n<p>Att avs\u00e4ndaren p\u00e5stods vara kopplad till \u00f6k\u00e4nda ligan Los Suecos var extra jobbigt ber\u00e4ttar hon.\u00a0<\/p>\n<p>\u2013 D\u00e4rf\u00f6r visste vi inte om vi var s\u00e4kra i Spanien. Kunde vi r\u00f6ra oss ute, eller skulle det vara folk som stod och lurade och var ute efter oss?\u00a0<\/p>\n<p>I hotmejlen fanns ocks\u00e5 videos som illustrerade vad som skulle h\u00e4nda om l\u00f6sensumman p\u00e5 m\u00e5ngmiljonbeloppet inte utbetalades.\u00a0<\/p>\n<p>\u2013 Det var ju avklippta fingrar i videoklipp medskickat och bomber som skickades in i hus.\u00a0<\/p>\n<p>\u2013 Men det som kn\u00e4ckte mig riktigt, det var n\u00e4r jag senare fick reda p\u00e5 att det var Angelo som skulle f\u00e5 betala det h\u00f6gsta priset f\u00f6rst om vi inte betalade.<\/p>\n<p>Hotade Perrellis son\u00a0<\/p>\n<p>Det vara mitt under en skidsemester som Charlotte f\u00f6rstod att det var \u00e4ldste sonen Angelo, 21, som, f\u00f6rutom henne sj\u00e4lv var den prim\u00e4ra m\u00e5ltavlan.\u00a0<\/p>\n<p>\u2013 Jag br\u00f6t ihop helt. Jag trillade bokstavligen ihop i skidbacken n\u00e4r jag fick reda p\u00e5 det. Det var fruktansv\u00e4rt. Den v\u00e4rsta mardr\u00f6m man kan vara med om som mamma, s\u00e4ger hon.<\/p>\n<p>Angelo Perrelli s\u00e4ger sj\u00e4lv:<\/p>\n<p>\u2013 Att vara m\u00e5ltavla f\u00f6r ett s\u00e5dant h\u00e4r hot \u00e4r inget man skrattar bort. Det var v\u00e4ldigt obehagligt och det har p\u00e5verkat hela familjen.\u00a0<\/p>\n<p>Hon upplever att b\u00e5de den spanska och svenska polisen h\u00f6gprioriterade fallet.\u00a0<\/p>\n<p>\u2013 Jag har ju varit med om mycket genom \u00e5ren, men ingenting i n\u00e4rheten av det h\u00e4r. Det blev fullt p\u00e5drag. Polisen ville flyga hem oss till Sverige omedelbart f\u00f6r att vi tillf\u00e4lligt skulle \u201dg\u00e5 under jorden\u201d.\u00a0<\/p>\n<p>\u2013 Eftersom tidsfristen g\u00e5tt ut visste vi inte om det skulle sm\u00e4lla i morgon eller sm\u00e4ller det i natt? Vi satt med direktlina till polisen fr\u00e5n f\u00f6rsta sekund. \u00a0\u00a0<\/p>\n<p>Isolerades i Spanien\u00a0<\/p>\n<p>Familjen valde att stanna kvar i Spanien eftersom Zagaleta, d\u00e4r deras hem ligger, anses vara ett av v\u00e4rldens mest v\u00e4lbevakade bostadsomr\u00e5den.\u00a0<\/p>\n<p>Annons<\/p>\n<p>Men tiden efter hoten blev en rej\u00e4l pr\u00f6vning, ber\u00e4ttar Perrelli.\u00a0<\/p>\n<p>\u2013 Det var f\u00f6r j\u00e4vlig rent ut sagt. Allts\u00e5, Angelo l\u00e5ste ju in sig. Vi sa till honom att han inte fick l\u00e4mna Zagaleta. Jag ville ju helst inte att han skulle l\u00e4mna huset alls.<\/p>\n<p>Men det var sv\u00e5rt f\u00f6r Charlotte och familjen att isolera sig helt.\u00a0<\/p>\n<p>\u00a0\u2013 Jag \u00e5kte ju och l\u00e4mnade och h\u00e4mtade de yngre barnen i skolan och f\u00f6rs\u00f6kte p\u00e5 n\u00e5got s\u00e4tt att h\u00e5lla uppe en fasad och forts\u00e4tta leva. Och vi ber\u00e4ttade aldrig n\u00e5gonting f\u00f6r de sm\u00e5 barnen f\u00f6r vi ville inte att de skulle veta.\u00a0<\/p>\n<p>Os\u00e4kerheten och r\u00e4dslan blev sv\u00e5r att hantera.\u00a0<\/p>\n<p>\u2013 Det \u00e4r en s\u00e5 fruktansv\u00e4rt vidrig k\u00e4nsla. Man h\u00f6r och man l\u00e4ser om andra och man f\u00f6rst\u00e5r att det \u00e4r obehagligt. Men det \u00e4r inte f\u00f6rr\u00e4n man sitter i den situationen sj\u00e4lv som man riktigt fattar, s\u00e4ger hon och forts\u00e4tter:\u00a0<\/p>\n<p>\u2013 Och det \u00e4r ju en sak om vi hade vetat vem som hotade oss. Men vi hade ingen aning om det var ett g\u00e4ng p\u00e5 femtio personer h\u00e4r i Spanien eller om det var en ensam person i Stockholm. Vi visste ingenting.<\/p>\n<p>Sitter h\u00e4ktad\u00a0<\/p>\n<p>Efter den tuffa tiden har hon omv\u00e4rderat livet.\u00a0<\/p>\n<p>\u2013 N\u00e5gonting man underskattar, det \u00e4r frihet. Det \u00e4r inte f\u00f6rr\u00e4n man \u00e4r i det l\u00e4get jag varit i som man inser vad frihet betyder. Att vara f\u00e4ngslad i sin egen kropp. I sin egen bostad. Att inte veta vad jag ska v\u00e5ga g\u00f6ra f\u00f6r att jag inte vet var eller vad faran \u00e4r.\u00a0<\/p>\n<p>\u2013 Jag skulle nog v\u00e5ga likna det vid att man blir lite som en hypokondriker. Helt pl\u00f6tsligt blir man r\u00e4dd f\u00f6r saker som man inte ska vara r\u00e4dd f\u00f6r. S\u00e5 det har varit en mycket speciell v\u00e5r, det kan man lugnt s\u00e4ga.\u00a0<\/p>\n<p><strong>Hur fick du reda p\u00e5 vem som misst\u00e4nks ligga bakom hoten och utpressningen?\u00a0<\/strong><\/p>\n<p>\u2013 Polisen ber\u00e4ttade f\u00f6r oss typ en vecka innan han greps, att de var ganska n\u00e4ra en uppl\u00f6sning p\u00e5 det h\u00e4r. De uppmanade oss att f\u00f6rs\u00f6ka h\u00e5lla oss lugna och inte vara oroliga och de lovade att de skulle ta honom.\u00a0<\/p>\n<p>Enligt Expressens uppgifter finns det fler k\u00e4ndisar som misst\u00e4nkts blivit utpressade av samma g\u00e4rningsman.<\/p>\n<p><strong>Har du n\u00e5gon kontakt med \u00f6vriga m\u00e5ls\u00e4ganden?<\/strong>\u00a0<\/p>\n<p>\u2013 Ja, jag har pratat med ett annat par. Men vi har ingen koll p\u00e5 n\u00e5gra andra. Det \u00e4r mycket m\u00f6jligt att vi k\u00e4nner andra. Men jag vet inte det. Vi har inte haft kontakt med n\u00e5gon annan.\u00a0<\/p>\n<p><strong>Vad har du f\u00f6r k\u00e4nslor kring att det h\u00e4r g\u00e5r till r\u00e4tteg\u00e5ng och f\u00e5r ett slut?\u00a0<\/strong><\/p>\n<p>\u2013 Allts\u00e5, jag \u00e4r helt s\u00e4ker p\u00e5 att han kommer f\u00e5 f\u00e4ngelse. De har ju liksom alla bevis i v\u00e4rlden som g\u00e5r att f\u00e5.\u00a0<\/p>\n<p>I straffskalan finns flera \u00e5rs f\u00e4ngelse vid en dom.<\/p>\n<p>\u2013 Men det kommer ta l\u00e4ngre tid f\u00f6r mig att l\u00e4ka.<\/p>\n<p><strong>L\u00c4S MER: <\/strong><a href=\"https:\/\/www.expressen.se\/noje\/man-atalas-for-utpressningsforsok-mot-kandisar\/\" class=\"\" rel=\"nofollow noopener\" target=\"_blank\">Man \u00e5talas f\u00f6r utpressningsf\u00f6rs\u00f6k mot k\u00e4ndisar<\/a><\/p>\n","protected":false},"excerpt":{"rendered":"Nu v\u00e4cks \u00e5tal mot den man som misst\u00e4nkts ha hotat och utpressat Charlotte Perrelli och flera andra k\u00e4nda&hellip;\n","protected":false},"author":2,"featured_media":61081,"comment_status":"","ping_status":"","sticky":false,"template":"","format":"standard","meta":{"footnotes":""},"categories":[5],"tags":[22,23,26,27,17,21,24,25,28,29,15,5701,16,5700,18,34,31,33,32,30,19,310,20],"class_list":{"0":"post-61080","1":"post","2":"type-post","3":"status-publish","4":"format-standard","5":"has-post-thumbnail","7":"category-rubriker","8":"tag-breaking-news","9":"tag-breakingnews","10":"tag-featured-news","11":"tag-featurednews","12":"tag-headlines","13":"tag-huvudnyheter","14":"tag-latest-news","15":"tag-latestnews","16":"tag-main-news","17":"tag-mainnews","18":"tag-news","19":"tag-newsstory-utpressning-mot-kandisar","20":"tag-nyheter","21":"tag-person-charlotte-perrelli","22":"tag-rubriker","23":"tag-se","24":"tag-svenska","25":"tag-sverige","26":"tag-sweden","27":"tag-swedish","28":"tag-top-stories","29":"tag-topic-kandisar","30":"tag-topstories"},"share_on_mastodon":{"url":"","error":""},"_links":{"self":[{"href":"https:\/\/www.europesays.com\/se\/wp-json\/wp\/v2\/posts\/61080","targetHints":{"allow":["GET"]}}],"collection":[{"href":"https:\/\/www.europesays.com\/se\/wp-json\/wp\/v2\/posts"}],"about":[{"href":"https:\/\/www.europesays.com\/se\/wp-json\/wp\/v2\/types\/post"}],"author":[{"embeddable":true,"href":"https:\/\/www.europesays.com\/se\/wp-json\/wp\/v2\/users\/2"}],"replies":[{"embeddable":true,"href":"https:\/\/www.europesays.com\/se\/wp-json\/wp\/v2\/comments?post=61080"}],"version-history":[{"count":0,"href":"https:\/\/www.europesays.com\/se\/wp-json\/wp\/v2\/posts\/61080\/revisions"}],"wp:featuredmedia":[{"embeddable":true,"href":"https:\/\/www.europesays.com\/se\/wp-json\/wp\/v2\/media\/61081"}],"wp:attachment":[{"href":"https:\/\/www.europesays.com\/se\/wp-json\/wp\/v2\/media?parent=61080"}],"wp:term":[{"taxonomy":"category","embeddable":true,"href":"https:\/\/www.europesays.com\/se\/wp-json\/wp\/v2\/categories?post=61080"},{"taxonomy":"post_tag","embeddable":true,"href":"https:\/\/www.europesays.com\/se\/wp-json\/wp\/v2\/tags?post=61080"}],"curies":[{"name":"wp","href":"https:\/\/api.w.org\/{rel}","templated":true}]}}