{"id":61100,"date":"2025-10-21T18:37:27","date_gmt":"2025-10-21T18:37:27","guid":{"rendered":"https:\/\/www.europesays.com\/se\/61100\/"},"modified":"2025-10-21T18:37:27","modified_gmt":"2025-10-21T18:37:27","slug":"franska-myndigheter-prislappen-for-louvrenkuppen-88-miljoner-euro-utrikes","status":"publish","type":"post","link":"https:\/\/www.europesays.com\/se\/61100\/","title":{"rendered":"Franska myndigheter: Prislappen f\u00f6r Louvrenkuppen 88 miljoner euro | Utrikes"},"content":{"rendered":"<p class=\"aw-1gybjub aw-5vja16 ghpEtB kjanFo yle__article__paragraph\">H\u00e4ndelsen har \u00f6kat trycket p\u00e5 Frankrikes kultur\u00adinstitutioner att f\u00f6rb\u00e4ttra s\u00e4kerheten.<\/p>\n<p><img decoding=\"async\" alt=\"Skyliften som anv\u00e4nden i Louvrenkuppen.\" src=\"https:\/\/www.europesays.com\/se\/wp-content\/uploads\/2025\/10\/39-154090868f6161f57a11.jpeg\" class=\"aw-1l9m598 hKVVvP\"\/><\/p>\n<p>\u00d6ppna bildvisare<\/p>\n<p>Fyra tjuvar tog sig in i Apollogalleriet med en skylift. Polisen misst\u00e4nker att det r\u00f6r sig om en organiserad liga. Bild: Mohammed Badra \/ EPALyssna (du h\u00f6r en artificiell r\u00f6st) 1:53<\/p>\n<p class=\"aw-1gybjub aw-1p7kakr ghpEtB jtovHP yle__article__paragraph\">I s\u00f6ndags gjordes en spektakul\u00e4r <a class=\"aw-iao6s4 iHOxEa yle__article__link\" href=\"https:\/\/yle.fi\/a\/7-10086431\" role=\"link\" rel=\"nofollow noopener\" target=\"_blank\">juvelkupp<\/a> mot Louvren i Paris. Den v\u00e5gade st\u00f6lden genomf\u00f6rdes mitt under museets ordinarie \u00f6ppettider och tog bara n\u00e5gra f\u00e5 minuter.<\/p>\n<p class=\"aw-1gybjub aw-1p7kakr ghpEtB jtovHP yle__article__paragraph\">Tjuvarna kom \u00f6ver smycken som tillh\u00f6r Frankrikes kronjuveler, bland annat kungliga tiaror, halsband, \u00f6rh\u00e4ngen och broscher vars v\u00e4rde \u00e4r <a class=\"aw-iao6s4 iHOxEa yle__article__link\" href=\"https:\/\/yle.fi\/a\/7-10086496\" role=\"link\" rel=\"nofollow noopener\" target=\"_blank\">sv\u00e5rt att exakt fastst\u00e4lla<\/a>.<\/p>\n<p class=\"aw-1gybjub aw-1p7kakr ghpEtB jtovHP yle__article__paragraph\">Franska myndigheter uppskattar nu att den omfattande st\u00f6lden har orsakat skador till ett v\u00e4rde av 88 miljoner euro. V\u00e4rderingen \u00e4r gjord av Louvrens kurator, och enligt \u00e5klagare <strong class=\"aw-ak79eh KyCXm yle__article__strong\">Laure Beccuau<\/strong> \u00e4r summan \u201dextraordin\u00e4r\u201d.<\/p>\n<p class=\"aw-1gybjub aw-1p7kakr ghpEtB jtovHP yle__article__paragraph\">Hon betonar dock att den st\u00f6rsta f\u00f6rlusten g\u00e4ller Frankrikes historiska arv, och p\u00e5pekar att tjuvarna inte skulle kunna f\u00e5 ut hela v\u00e4rdet om de sm\u00e4lter ner juvelerna.<\/p>\n<p class=\"aw-1gybjub aw-1p7kakr ghpEtB jtovHP yle__article__paragraph\">\u2013 Vi kan hoppas att de t\u00e4nker \u00f6ver detta och inte i on\u00f6dan f\u00f6rst\u00f6r dessa juveler, s\u00e4ger Beccuau.<\/p>\n<p>Brister i s\u00e4kerheten<\/p>\n<p class=\"aw-1gybjub aw-1p7kakr ghpEtB jtovHP yle__article__paragraph\">St\u00f6lden \u00e4r den senaste i en rad kupper mot franska museer och har riktat uppm\u00e4rksamheten mot brister i s\u00e4kerheten. Inrikesministern har nu lovat sk\u00e4rpta s\u00e4kerhets\u00e5tg\u00e4rder vid landets kulturinstitutioner.<\/p>\n<p class=\"aw-1gybjub aw-1p7kakr ghpEtB jtovHP yle__article__paragraph\">Enligt rapporter har s\u00e4rskilt Louvren haft f\u00f6rseningar i sina s\u00e4kerhetsuppgraderingar, och museichefen har varnat f\u00f6r att s\u00e4kerhetssystemen \u00e4r \u201dorov\u00e4ckande f\u00f6r\u00e5ldrade\u201d.<\/p>\n<p class=\"aw-1gybjub aw-1p7kakr ghpEtB jtovHP yle__article__paragraph\">Museet har bland annat har f\u00e5tt kritik f\u00f6r otillr\u00e4cklig s\u00e4kerhet kring smyckesmontrarna, men framh\u00e5ller att dessa f\u00f6rst\u00e4rktes 2019 och att det innebar \u201davsev\u00e4rda f\u00f6rb\u00e4ttringar\u201d av s\u00e4kerheten.<\/p>\n<p class=\"aw-1gybjub aw-1p7kakr ghpEtB jtovHP yle__article__paragraph\">Samtidigt har fackliga organisationer uttryckt oro \u00f6ver minskad s\u00e4kerhetspersonal, s\u00e4rskilt eftersom antalet bes\u00f6kare vid Louvren har \u00f6kat markant.<\/p>\n<p class=\"aw-1gybjub aw-1p7kakr ghpEtB jtovHP yle__article__paragraph\">K\u00e4llor: STT, AFP, AP<\/p>\n","protected":false},"excerpt":{"rendered":"H\u00e4ndelsen har \u00f6kat trycket p\u00e5 Frankrikes kultur\u00adinstitutioner att f\u00f6rb\u00e4ttra s\u00e4kerheten. \u00d6ppna bildvisare Fyra tjuvar tog sig in i&hellip;\n","protected":false},"author":2,"featured_media":61101,"comment_status":"","ping_status":"","sticky":false,"template":"","format":"standard","meta":{"footnotes":""},"categories":[5],"tags":[22,23,128,26,27,266,17,21,5704,5705,24,25,5588,5585,28,29,5586,15,16,3102,18,3698,34,5702,31,33,32,30,5703,19,20,237],"class_list":{"0":"post-61100","1":"post","2":"type-post","3":"status-publish","4":"format-standard","5":"has-post-thumbnail","7":"category-rubriker","8":"tag-breaking-news","9":"tag-breakingnews","10":"tag-brott","11":"tag-featured-news","12":"tag-featurednews","13":"tag-frankrike","14":"tag-headlines","15":"tag-huvudnyheter","16":"tag-kronjuveler","17":"tag-kulturinstitutioner","18":"tag-latest-news","19":"tag-latestnews","20":"tag-louvre","21":"tag-louvren","22":"tag-main-news","23":"tag-mainnews","24":"tag-museer","25":"tag-news","26":"tag-nyheter","27":"tag-paris","28":"tag-rubriker","29":"tag-sakerhet","30":"tag-se","31":"tag-stold","32":"tag-svenska","33":"tag-sverige","34":"tag-sweden","35":"tag-swedish","36":"tag-tjuvar","37":"tag-top-stories","38":"tag-topstories","39":"tag-utrikes"},"share_on_mastodon":{"url":"","error":""},"_links":{"self":[{"href":"https:\/\/www.europesays.com\/se\/wp-json\/wp\/v2\/posts\/61100","targetHints":{"allow":["GET"]}}],"collection":[{"href":"https:\/\/www.europesays.com\/se\/wp-json\/wp\/v2\/posts"}],"about":[{"href":"https:\/\/www.europesays.com\/se\/wp-json\/wp\/v2\/types\/post"}],"author":[{"embeddable":true,"href":"https:\/\/www.europesays.com\/se\/wp-json\/wp\/v2\/users\/2"}],"replies":[{"embeddable":true,"href":"https:\/\/www.europesays.com\/se\/wp-json\/wp\/v2\/comments?post=61100"}],"version-history":[{"count":0,"href":"https:\/\/www.europesays.com\/se\/wp-json\/wp\/v2\/posts\/61100\/revisions"}],"wp:featuredmedia":[{"embeddable":true,"href":"https:\/\/www.europesays.com\/se\/wp-json\/wp\/v2\/media\/61101"}],"wp:attachment":[{"href":"https:\/\/www.europesays.com\/se\/wp-json\/wp\/v2\/media?parent=61100"}],"wp:term":[{"taxonomy":"category","embeddable":true,"href":"https:\/\/www.europesays.com\/se\/wp-json\/wp\/v2\/categories?post=61100"},{"taxonomy":"post_tag","embeddable":true,"href":"https:\/\/www.europesays.com\/se\/wp-json\/wp\/v2\/tags?post=61100"}],"curies":[{"name":"wp","href":"https:\/\/api.w.org\/{rel}","templated":true}]}}