{"id":61123,"date":"2025-10-21T19:25:22","date_gmt":"2025-10-21T19:25:22","guid":{"rendered":"https:\/\/www.europesays.com\/se\/61123\/"},"modified":"2025-10-21T19:25:22","modified_gmt":"2025-10-21T19:25:22","slug":"tomas-brolins-sorg-efter-vannen-johnny-johanssons-dod","status":"publish","type":"post","link":"https:\/\/www.europesays.com\/se\/61123\/","title":{"rendered":"Tomas Brolins sorg efter v\u00e4nnen Johnny Johanssons d\u00f6d"},"content":{"rendered":"<p>Tomas Brolin var toastmaster p\u00e5 J-O Waldners 60-\u00e5rsfest n\u00e4r kocken Johnny Johansson pl\u00f6tsligt f\u00f6ll ihop.\u00a0<\/p>\n<p>I helgen avled Johansson och nu s\u00f6rjer Brolin sin v\u00e4n.\u00a0<\/p>\n<p>\u2013 Johnny var en v\u00e4ldigt fin person som man alltid blev glad av att tr\u00e4ffa.\u00a0<\/p>\n<p>Senaste sportklippen fr\u00e5n Expressen.<img   alt=\"\"\/><\/p>\n<p>Tomas Brolin var toastmaster p\u00e5 festen.<\/p>\n<p>Foto: SVEN LINDWALL<\/p>\n<p>\u00d6ppna bild i helsk\u00e4rm<img loading=\"lazy\"   alt=\"\"\/><\/p>\n<p>Kocken Johnny Johansson blev 72 \u00e5r.<\/p>\n<p>Foto: Lizzie Larsson\/TT \/ TT NYHETSBYR\u00c5N<\/p>\n<p>\u00d6ppna bild i helsk\u00e4rm<\/p>\n<p>Fotbollslegendaren <a href=\"https:\/\/www.expressen.se\/tagg\/person\/tomas-brolin\/\" class=\"\" rel=\"nofollow noopener\" target=\"_blank\">Tomas Brolin<\/a> har sj\u00e4lv arrangerat ett stort antal events p\u00e5 b\u00e5ten M\/S Molly genom \u00e5ren.\u00a0<\/p>\n<p>F\u00f6r tv\u00e5 veckor sedan var det dock den forne pingisstj\u00e4rnan J-O Waldners tur att st\u00e5 i fokus.<\/p>\n<p>Waldner hade bjudit in till 60-\u00e5rsfest p\u00e5 b\u00e5ten och det med Brolin som toastmaster.\u00a0<\/p>\n<p>Stj\u00e4rnkocken Johnny Johansson ansvarade f\u00f6r maten.<\/p>\n<p>Men strax innan g\u00e4sterna klev ombord intr\u00e4ffade det tragiska.\u00a0<\/p>\n<p>Johnny Johansson f\u00f6ll ihop, ambulans kallades till platsen och sjukv\u00e5rdspersonal kunde konstatera att Johansson drabbats av ett hj\u00e4rtstopp och han f\u00f6rdes till sjukhus.\u00a0<\/p>\n<p>\u2013 Det blev s\u00e5 klart v\u00e4ldigt dramatiskt och helt pl\u00f6tsligt var det lite annat att fokusera p\u00e5, s\u00e4ger Tomas Brolin.\u00a0<\/p>\n<p>I helgen dog Johnny Johansson, stj\u00e4rnkocken blev 72 \u00e5r gammal.\u00a0<\/p>\n<p>\u2013 Det \u00e4r v\u00e4ldigt tragiskt. Just nu g\u00e5r alla mina tankar till Johnnys familj och n\u00e4ra och k\u00e4ra, s\u00e4ger Brolin som l\u00e4rde k\u00e4nna Johnny Johansson i samband med att Mattias Frisk drog i g\u00e5ng verksamheten p\u00e5 M\/S Molly f\u00f6r tolv \u00e5r sedan.\u00a0<\/p>\n<p>\u2013 Jag har varit med under hela M\/S Molly-tiden, och det var s\u00e5 jag l\u00e4rde k\u00e4nna Johnny. Han har lagat maten p\u00e5 flera event som jag har sj\u00e4lv har arrangerat. Det var Johnny som satte standarden p\u00e5 M\/S Molly.\u00a0<\/p>\n<p><img loading=\"lazy\"   alt=\"\"\/><\/p>\n<p>J-O Waldners 60-\u00e5rsfest h\u00f6lls p\u00e5 M\/S Molly.<\/p>\n<p>Foto: OLLE SPORRONG<\/p>\n<p>\u00d6ppna bild i helsk\u00e4rmBrolin: \u201dEn l\u00e4ttsam och glad kille\u201d<\/p>\n<p>Tomas Brolin beskriver Johnny Johansson som en fin och varm person.\u00a0<\/p>\n<p>\u2013 Man blev alltid glad av att tr\u00e4ffa Johnny. Han var en l\u00e4ttsam kille att umg\u00e5s med, och han lagade fantastiskt god mat. Han var verkligen en trevlig och rolig person.\u00a0<\/p>\n<p>Brolin s\u00e4ger att Johnny Johanssons pl\u00f6tsliga bortg\u00e5ng blir en p\u00e5minnelse om att ta tillvara p\u00e5 livet. \u00a0<\/p>\n<p>\u2013 Man ska vara tacksam f\u00f6r det man har och ta tillvara p\u00e5 varje dag. Det \u00e4r s\u00e5 jag f\u00f6rs\u00f6ker leva, och jag \u00e4r ganska bra p\u00e5 det.\u00a0<\/p>\n<p><img loading=\"lazy\"   alt=\"\"\/><\/p>\n<p>Johnny Johansson var k\u00f6ksansvarig f\u00f6r Nobelmiddagarna i sammanlagt elva \u00e5r.<\/p>\n<p>Foto: Privat<\/p>\n<p>\u00d6ppna bild i helsk\u00e4rmJ-O Waldners sorg<\/p>\n<p>J-O Waldner ber\u00e4ttar om en stor tomhet efter Johnny Johanssons bortg\u00e5ng.\u00a0<\/p>\n<p>\u2013 Johnny var en fantastisk kock och en fantastisk m\u00e4nniska. Vi har haft m\u00e5nga roliga stunder ihop. Han l\u00e4rde mig att rulla k\u00f6ttbullar. Johnny \u00e4r s\u00e5 saknad, det k\u00e4nns tomt just nu.<\/p>\n<p>\u00c4ven grundaren av M\/S Molly, Mattias Frisk, s\u00f6rjer Johnny Johansson.\u00a0<\/p>\n<p>\u2013 Jag l\u00e4rde k\u00e4nna Johnny f\u00f6r 25 \u00e5r sedan. Han har arbetat som kock hos mig under tolv \u00e5r p\u00e5 min b\u00e5t M\/S Molly. Jag \u00e4r chockad, jag har sv\u00e5rt att f\u00f6rst\u00e5 att han \u00e4r borta, s\u00e4ger Frisk och forts\u00e4tter.\u00a0<\/p>\n<p>\u2013 Johnny var en av Sveriges b\u00e4sta kockar och under \u00e5ren v\u00e4xte en fin v\u00e4nskap fram mellan oss. Han var en glad och rolig kille med en fantastisk fru, Christel.<\/p>\n<p><img loading=\"lazy\"   alt=\"\"\/><\/p>\n<p>J-O Waldner s\u00f6rjer stj\u00e4rnkocken Johnny Johansson som gick bort i helgen.<\/p>\n<p>Foto: SVEN LINDWALL<\/p>\n<p>\u00d6ppna bild i helsk\u00e4rmAnsvarig f\u00f6r Nobelmiddagarna<\/p>\n<p>Johnny Johansson var k\u00f6ksansvarig f\u00f6r Nobelmiddagarna i sammanlagt elva \u00e5r under 1970- och 80-talet och bel\u00f6nades med Nobelstiftelsens guldmedalj 1983.<\/p>\n<p>D\u00e4refter drev han restaurangen W\u00e4rdshuset Lasse Maja in p\u00e5 90-talet.<\/p>\n","protected":false},"excerpt":{"rendered":"Tomas Brolin var toastmaster p\u00e5 J-O Waldners 60-\u00e5rsfest n\u00e4r kocken Johnny Johansson pl\u00f6tsligt f\u00f6ll ihop.\u00a0 I helgen avled&hellip;\n","protected":false},"author":2,"featured_media":61124,"comment_status":"","ping_status":"","sticky":false,"template":"","format":"standard","meta":{"footnotes":""},"categories":[5],"tags":[22,23,26,27,17,21,24,25,28,29,15,5706,16,5665,4924,18,34,31,33,32,30,19,427,20],"class_list":{"0":"post-61123","1":"post","2":"type-post","3":"status-publish","4":"format-standard","5":"has-post-thumbnail","7":"category-rubriker","8":"tag-breaking-news","9":"tag-breakingnews","10":"tag-featured-news","11":"tag-featurednews","12":"tag-headlines","13":"tag-huvudnyheter","14":"tag-latest-news","15":"tag-latestnews","16":"tag-main-news","17":"tag-mainnews","18":"tag-news","19":"tag-newsstory-kocken-johnny-johansson-dod","20":"tag-nyheter","21":"tag-person-jan-ove-waldner","22":"tag-person-tomas-brolin","23":"tag-rubriker","24":"tag-se","25":"tag-svenska","26":"tag-sverige","27":"tag-sweden","28":"tag-swedish","29":"tag-top-stories","30":"tag-topic-dodsfall","31":"tag-topstories"},"share_on_mastodon":{"url":"","error":""},"_links":{"self":[{"href":"https:\/\/www.europesays.com\/se\/wp-json\/wp\/v2\/posts\/61123","targetHints":{"allow":["GET"]}}],"collection":[{"href":"https:\/\/www.europesays.com\/se\/wp-json\/wp\/v2\/posts"}],"about":[{"href":"https:\/\/www.europesays.com\/se\/wp-json\/wp\/v2\/types\/post"}],"author":[{"embeddable":true,"href":"https:\/\/www.europesays.com\/se\/wp-json\/wp\/v2\/users\/2"}],"replies":[{"embeddable":true,"href":"https:\/\/www.europesays.com\/se\/wp-json\/wp\/v2\/comments?post=61123"}],"version-history":[{"count":0,"href":"https:\/\/www.europesays.com\/se\/wp-json\/wp\/v2\/posts\/61123\/revisions"}],"wp:featuredmedia":[{"embeddable":true,"href":"https:\/\/www.europesays.com\/se\/wp-json\/wp\/v2\/media\/61124"}],"wp:attachment":[{"href":"https:\/\/www.europesays.com\/se\/wp-json\/wp\/v2\/media?parent=61123"}],"wp:term":[{"taxonomy":"category","embeddable":true,"href":"https:\/\/www.europesays.com\/se\/wp-json\/wp\/v2\/categories?post=61123"},{"taxonomy":"post_tag","embeddable":true,"href":"https:\/\/www.europesays.com\/se\/wp-json\/wp\/v2\/tags?post=61123"}],"curies":[{"name":"wp","href":"https:\/\/api.w.org\/{rel}","templated":true}]}}